{"id":6393,"date":"2019-04-03T00:00:00","date_gmt":"2019-04-02T22:00:00","guid":{"rendered":"https:\/\/guitrans.eus\/wp\/index.php\/2019\/04\/03\/instalado-el-nuevo-portico-de-at-sistema-en-la-salida-norte-de-andoain-de-la-n-i\/"},"modified":"2019-04-03T00:00:00","modified_gmt":"2019-04-02T22:00:00","slug":"instalado-el-nuevo-portico-de-at-sistema-en-la-salida-norte-de-andoain-de-la-n-i","status":"publish","type":"post","link":"https:\/\/www.guitrans.eus\/eu\/2019\/04\/03\/instalado-el-nuevo-portico-de-at-sistema-en-la-salida-norte-de-andoain-de-la-n-i\/","title":{"rendered":"Instalado el nuevo p\u00f3rtico de AT Sistema en la salida Norte de Andoain de la N-I"},"content":{"rendered":"<p>El nuevo p\u00f3rtico de AT Sistema, colocado en la salida Norte de Andoain o<br \/>\n Bazkardo de la N-I, la 447B, no cobrar\u00e1, sino que completa el actual<br \/>\np\u00f3rtico de<br \/>\nAndoain ubicado en la N-1.Los transportistan deber\u00e1n usar un dispositivo TAG compatible al<br \/>\npasar por los dos p\u00f3rticos para que el sistema les aplique la tarifa<br \/>\nreducida de este tramo. Tras el p\u00f3rtico de Bazkardo, Bidegi<br \/>\nlevantar\u00e1 el p\u00f3rtico de Astigarraga en la A-15 que conformar\u00e1 el tramo<br \/>\nentre Ziku\u00f1aga en Hernani (pk 166,300) y el enlace con la AP-8 y la<br \/>\nGI-41 en Astigarraga (pk 169,320). Seg\u00fan las previsiones, estos trabajos<br \/>\n se realizar\u00e1n en la noche del domingo 14 de abril.<\/p>\n","protected":false},"excerpt":{"rendered":"<p>El nuevo p\u00f3rtico de AT Sistema, colocado en la salida<a href=\"https:\/\/www.guitrans.eus\/eu\/2019\/04\/03\/instalado-el-nuevo-portico-de-at-sistema-en-la-salida-norte-de-andoain-de-la-n-i\/\" rel=\"nofollow\">Seguir leyendo&#8230;<\/a><\/p>\n","protected":false},"author":1,"featured_media":6394,"comment_status":"open","ping_status":"open","sticky":false,"template":"","format":"standard","meta":{"footnotes":""},"categories":[81],"tags":[],"class_list":["post-6393","post","type-post","status-publish","format-standard","has-post-thumbnail","hentry","category-trafico-seguridad-vial-eu"],"_links":{"self":[{"href":"https:\/\/www.guitrans.eus\/eu\/wp-json\/wp\/v2\/posts\/6393","targetHints":{"allow":["GET"]}}],"collection":[{"href":"https:\/\/www.guitrans.eus\/eu\/wp-json\/wp\/v2\/posts"}],"about":[{"href":"https:\/\/www.guitrans.eus\/eu\/wp-json\/wp\/v2\/types\/post"}],"author":[{"embeddable":true,"href":"https:\/\/www.guitrans.eus\/eu\/wp-json\/wp\/v2\/users\/1"}],"replies":[{"embeddable":true,"href":"https:\/\/www.guitrans.eus\/eu\/wp-json\/wp\/v2\/comments?post=6393"}],"version-history":[{"count":0,"href":"https:\/\/www.guitrans.eus\/eu\/wp-json\/wp\/v2\/posts\/6393\/revisions"}],"wp:featuredmedia":[{"embeddable":true,"href":"https:\/\/www.guitrans.eus\/eu\/wp-json\/wp\/v2\/media\/6394"}],"wp:attachment":[{"href":"https:\/\/www.guitrans.eus\/eu\/wp-json\/wp\/v2\/media?parent=6393"}],"wp:term":[{"taxonomy":"category","embeddable":true,"href":"https:\/\/www.guitrans.eus\/eu\/wp-json\/wp\/v2\/categories?post=6393"},{"taxonomy":"post_tag","embeddable":true,"href":"https:\/\/www.guitrans.eus\/eu\/wp-json\/wp\/v2\/tags?post=6393"}],"curies":[{"name":"wp","href":"https:\/\/api.w.org\/{rel}","templated":true}]}}