{"id":6426,"date":"2019-04-24T00:00:00","date_gmt":"2019-04-23T22:00:00","guid":{"rendered":"https:\/\/guitrans.eus\/wp\/index.php\/2019\/04\/24\/se-permitira-la-distribucion-nocturna-de-mercancias-en-madrid-central\/"},"modified":"2019-04-24T00:00:00","modified_gmt":"2019-04-23T22:00:00","slug":"se-permitira-la-distribucion-nocturna-de-mercancias-en-madrid-central","status":"publish","type":"post","link":"https:\/\/www.guitrans.eus\/eu\/2019\/04\/24\/se-permitira-la-distribucion-nocturna-de-mercancias-en-madrid-central\/","title":{"rendered":"Se permitir\u00e1 la distribuci\u00f3n nocturna de mercanc\u00edas en Madrid Central"},"content":{"rendered":"<p>El Ayuntamiento de Madrid ha confirmado a la organizaci\u00f3n de transporte y log\u00edstica UNO que autorizar\u00e1 el acceso nocturno a aquellos veh\u00edculos de empresas y profesionales que entregan y recogen suministros en establecimientos comerciales localizados en calles o \u00e1reas peatonales de Madrid Central, estableciendo para ello un permiso especial de acceso de car\u00e1cter anual desde las 23:00 horas hasta las 7:00 de la ma\u00f1ana.<\/p>\n","protected":false},"excerpt":{"rendered":"<p>El Ayuntamiento de Madrid ha confirmado a la organizaci\u00f3n de<a href=\"https:\/\/www.guitrans.eus\/eu\/2019\/04\/24\/se-permitira-la-distribucion-nocturna-de-mercancias-en-madrid-central\/\" rel=\"nofollow\">Seguir leyendo&#8230;<\/a><\/p>\n","protected":false},"author":1,"featured_media":0,"comment_status":"open","ping_status":"open","sticky":false,"template":"","format":"standard","meta":{"footnotes":""},"categories":[113],"tags":[],"class_list":["post-6426","post","type-post","status-publish","format-standard","hentry","category-espezialitateak"],"_links":{"self":[{"href":"https:\/\/www.guitrans.eus\/eu\/wp-json\/wp\/v2\/posts\/6426","targetHints":{"allow":["GET"]}}],"collection":[{"href":"https:\/\/www.guitrans.eus\/eu\/wp-json\/wp\/v2\/posts"}],"about":[{"href":"https:\/\/www.guitrans.eus\/eu\/wp-json\/wp\/v2\/types\/post"}],"author":[{"embeddable":true,"href":"https:\/\/www.guitrans.eus\/eu\/wp-json\/wp\/v2\/users\/1"}],"replies":[{"embeddable":true,"href":"https:\/\/www.guitrans.eus\/eu\/wp-json\/wp\/v2\/comments?post=6426"}],"version-history":[{"count":0,"href":"https:\/\/www.guitrans.eus\/eu\/wp-json\/wp\/v2\/posts\/6426\/revisions"}],"wp:attachment":[{"href":"https:\/\/www.guitrans.eus\/eu\/wp-json\/wp\/v2\/media?parent=6426"}],"wp:term":[{"taxonomy":"category","embeddable":true,"href":"https:\/\/www.guitrans.eus\/eu\/wp-json\/wp\/v2\/categories?post=6426"},{"taxonomy":"post_tag","embeddable":true,"href":"https:\/\/www.guitrans.eus\/eu\/wp-json\/wp\/v2\/tags?post=6426"}],"curies":[{"name":"wp","href":"https:\/\/api.w.org\/{rel}","templated":true}]}}