{"id":6450,"date":"2019-05-14T00:00:00","date_gmt":"2019-05-13T22:00:00","guid":{"rendered":"https:\/\/guitrans.eus\/wp\/index.php\/2019\/05\/14\/lineas-verdes-pintadas-en-la-carretera\/"},"modified":"2019-05-14T00:00:00","modified_gmt":"2019-05-13T22:00:00","slug":"lineas-verdes-pintadas-en-la-carretera","status":"publish","type":"post","link":"https:\/\/www.guitrans.eus\/eu\/2019\/05\/14\/lineas-verdes-pintadas-en-la-carretera\/","title":{"rendered":"L\u00edneas verdes pintadas en la carretera"},"content":{"rendered":"<p>En los \u00faltimos d\u00edas ha sido noticia en los distintos medios de<br \/>\ncomunicaci\u00f3n, tanto de prensa escrita como audiovisuales, el marcado<br \/>\nverde en determinadas carreteras. No es esta una noticia nueva, ya que<br \/>\nel 17 de octubre de 2016 la Junta de Castilla y Le\u00f3n y la DGT firmaron<br \/>\nun convenio marco de<br \/>\nseguridad vial para mejorar la seguridad en<br \/>\nlas carreteras auton\u00f3micas, y uno de los aspectos que recog\u00eda este<br \/>\nconvenio era el pintado de marcas viales a colores, empezando como<br \/>\nprueba piloto en dos carreteras<br \/>\nconvencionales pertenecientes a la red b\u00e1sica de carreteras de la Junta<br \/>\nde Castilla y Le\u00f3n: la CL-615 y la CL-613.  <\/p>\n<p>Seg\u00fan la DGT, los<br \/>\ncolores en la calzada dan a los conductores la sensaci\u00f3n de<br \/>\nestrechamiento de la carretera, lo que a su vez les lleva a reducir la<br \/>\nvelocidad. Los buenos resultados alcanzados parecen animar a seguir con esta actuaci\u00f3n.<\/p>\n","protected":false},"excerpt":{"rendered":"<p>En los \u00faltimos d\u00edas ha sido noticia en los distintos<a href=\"https:\/\/www.guitrans.eus\/eu\/2019\/05\/14\/lineas-verdes-pintadas-en-la-carretera\/\" rel=\"nofollow\">Seguir leyendo&#8230;<\/a><\/p>\n","protected":false},"author":1,"featured_media":6451,"comment_status":"open","ping_status":"open","sticky":false,"template":"","format":"standard","meta":{"footnotes":""},"categories":[81],"tags":[],"class_list":["post-6450","post","type-post","status-publish","format-standard","has-post-thumbnail","hentry","category-trafico-seguridad-vial-eu"],"_links":{"self":[{"href":"https:\/\/www.guitrans.eus\/eu\/wp-json\/wp\/v2\/posts\/6450","targetHints":{"allow":["GET"]}}],"collection":[{"href":"https:\/\/www.guitrans.eus\/eu\/wp-json\/wp\/v2\/posts"}],"about":[{"href":"https:\/\/www.guitrans.eus\/eu\/wp-json\/wp\/v2\/types\/post"}],"author":[{"embeddable":true,"href":"https:\/\/www.guitrans.eus\/eu\/wp-json\/wp\/v2\/users\/1"}],"replies":[{"embeddable":true,"href":"https:\/\/www.guitrans.eus\/eu\/wp-json\/wp\/v2\/comments?post=6450"}],"version-history":[{"count":0,"href":"https:\/\/www.guitrans.eus\/eu\/wp-json\/wp\/v2\/posts\/6450\/revisions"}],"wp:featuredmedia":[{"embeddable":true,"href":"https:\/\/www.guitrans.eus\/eu\/wp-json\/wp\/v2\/media\/6451"}],"wp:attachment":[{"href":"https:\/\/www.guitrans.eus\/eu\/wp-json\/wp\/v2\/media?parent=6450"}],"wp:term":[{"taxonomy":"category","embeddable":true,"href":"https:\/\/www.guitrans.eus\/eu\/wp-json\/wp\/v2\/categories?post=6450"},{"taxonomy":"post_tag","embeddable":true,"href":"https:\/\/www.guitrans.eus\/eu\/wp-json\/wp\/v2\/tags?post=6450"}],"curies":[{"name":"wp","href":"https:\/\/api.w.org\/{rel}","templated":true}]}}