{"id":6456,"date":"2019-05-21T00:00:00","date_gmt":"2019-05-20T22:00:00","guid":{"rendered":"https:\/\/guitrans.eus\/wp\/index.php\/2019\/05\/21\/novedades-conflicto-itv-la-nueva-estacion-de-itv-de-zarautz-se-abrira-el-proximo-3-de-junio\/"},"modified":"2019-05-21T00:00:00","modified_gmt":"2019-05-20T22:00:00","slug":"novedades-conflicto-itv-la-nueva-estacion-de-itv-de-zarautz-se-abrira-el-proximo-3-de-junio","status":"publish","type":"post","link":"https:\/\/www.guitrans.eus\/eu\/2019\/05\/21\/novedades-conflicto-itv-la-nueva-estacion-de-itv-de-zarautz-se-abrira-el-proximo-3-de-junio\/","title":{"rendered":"NOVEDADES Conflicto ITV: La nueva estaci\u00f3n de ITV de Zarautz se abrir\u00e1 el pr\u00f3ximo 3 de junio"},"content":{"rendered":"<p>Esta estaci\u00f3n, situada en Araba Kalea, 43, junto al hipermercado Eroski, solo pasar\u00e1 inspecci\u00f3n a turismos y veh\u00edculos ligeros (&lt; 3500 kg de carga \u00fatil) mientras est\u00e9 en esta ubicaci\u00f3n.  <\/p>\n<p>Horario de apertura:<br \/>\nLunes a s\u00e1bado, de 8 a 19:30 horas. Permanecer\u00e1 cerrada los domingos, d\u00edas festivos y s\u00e1bados posteriores a viernes festivos, as\u00ed como los d\u00eda 24 y 31 de diciembre. A partir del 3 de junio ser\u00e1 posible coger cita previa mediante:<\/p>\n<p>Tel\u00e9fono: 943 104 250 ywww.itasua.com<\/p>\n","protected":false},"excerpt":{"rendered":"<p>Contar\u00e1 con tres l\u00edneas de inspecci\u00f3n para turismo y veh\u00edculos ligeros.<\/p>\n","protected":false},"author":1,"featured_media":0,"comment_status":"open","ping_status":"open","sticky":false,"template":"","format":"standard","meta":{"footnotes":""},"categories":[100],"tags":[],"class_list":["post-6456","post","type-post","status-publish","format-standard","hentry","category-azpiegiturak"],"_links":{"self":[{"href":"https:\/\/www.guitrans.eus\/eu\/wp-json\/wp\/v2\/posts\/6456","targetHints":{"allow":["GET"]}}],"collection":[{"href":"https:\/\/www.guitrans.eus\/eu\/wp-json\/wp\/v2\/posts"}],"about":[{"href":"https:\/\/www.guitrans.eus\/eu\/wp-json\/wp\/v2\/types\/post"}],"author":[{"embeddable":true,"href":"https:\/\/www.guitrans.eus\/eu\/wp-json\/wp\/v2\/users\/1"}],"replies":[{"embeddable":true,"href":"https:\/\/www.guitrans.eus\/eu\/wp-json\/wp\/v2\/comments?post=6456"}],"version-history":[{"count":0,"href":"https:\/\/www.guitrans.eus\/eu\/wp-json\/wp\/v2\/posts\/6456\/revisions"}],"wp:attachment":[{"href":"https:\/\/www.guitrans.eus\/eu\/wp-json\/wp\/v2\/media?parent=6456"}],"wp:term":[{"taxonomy":"category","embeddable":true,"href":"https:\/\/www.guitrans.eus\/eu\/wp-json\/wp\/v2\/categories?post=6456"},{"taxonomy":"post_tag","embeddable":true,"href":"https:\/\/www.guitrans.eus\/eu\/wp-json\/wp\/v2\/tags?post=6456"}],"curies":[{"name":"wp","href":"https:\/\/api.w.org\/{rel}","templated":true}]}}