{"id":6522,"date":"2019-07-16T00:00:00","date_gmt":"2019-07-15T22:00:00","guid":{"rendered":"https:\/\/guitrans.eus\/wp\/index.php\/2019\/07\/16\/publicado-el-reglamento-por-el-que-se-crea-la-autoridad-laboral-europea\/"},"modified":"2019-07-16T00:00:00","modified_gmt":"2019-07-15T22:00:00","slug":"publicado-el-reglamento-por-el-que-se-crea-la-autoridad-laboral-europea","status":"publish","type":"post","link":"https:\/\/www.guitrans.eus\/eu\/2019\/07\/16\/publicado-el-reglamento-por-el-que-se-crea-la-autoridad-laboral-europea\/","title":{"rendered":"Publicado el Reglamento por el que se crea la Autoridad Laboral Europea"},"content":{"rendered":"<p>La Autoridad debe llevar a cabo sus actividades en los \u00e1mbitos de la<br \/>\nmovilidad laboral en toda la Uni\u00f3n y la coordinaci\u00f3n de la seguridad<br \/>\nsocial, incluida la libertad de circulaci\u00f3n de los trabajadores, el<br \/>\ndesplazamiento de trabajadores y los servicios muy m\u00f3viles. Tambi\u00e9n debe<br \/>\n mejorar la cooperaci\u00f3n entre los Estados miembros para hacer frente al<br \/>\ntrabajo no declarado y a otras situaciones que comprometen el buen<br \/>\nfuncionamiento del mercado interior como, por ejemplo, las sociedades<br \/>\nfantasma y el trabajo como falso aut\u00f3nomo, sin perjuicio de las<br \/>\ncompetencias de los Estados miembros para tomar decisiones sobre las<br \/>\nmedidas nacionales.<br \/>\nEn algunos casos, se ha adoptado legislaci\u00f3n sectorial de la Uni\u00f3n para<br \/>\nresponder a necesidades espec\u00edficas de sectores concretos, como por<br \/>\nejemplo en el \u00e1mbito del transporte internacional, incluido el<br \/>\ntransporte por carretera, ferroviario, mar\u00edtimo, fluvial y a\u00e9reo. En el<br \/>\n\u00e1mbito de aplicaci\u00f3n del presente Reglamento, la Autoridad debe abordar<br \/>\ntambi\u00e9n la aplicaci\u00f3n de esa legislaci\u00f3n sectorial de la Uni\u00f3n en sus<br \/>\naspectos de la movilidad laboral transfronteriza y la seguridad social.<br \/>\nEl \u00e1mbito de actividades de la Autoridad, y, en particular, si sus<br \/>\nactividades deben ampliarse para abarcar otros actos jur\u00eddicos de la<br \/>\nUni\u00f3n que contemplen necesidades sectoriales en el \u00e1mbito del transporte<br \/>\n internacional, debe someterse a una evaluaci\u00f3n peri\u00f3dica y, en su caso,<br \/>\n a revisi\u00f3n.<\/p>\n<p>Las actividades de la Autoridad deben alcanzar a las personas sujetas<br \/>\n a la legislaci\u00f3n de la Uni\u00f3n en el \u00e1mbito de aplicaci\u00f3n del presente<br \/>\nReglamento, incluidos los asalariados, las personas que trabajan por<br \/>\ncuenta propia y los solicitantes de empleo. Entre estas personas se<br \/>\nincluyen ciudadanos de la Uni\u00f3n y nacionales de terceros pa\u00edses que<br \/>\nresiden legalmente en la Uni\u00f3n, como los trabajadores desplazados, las<br \/>\npersonas trasladadas dentro de una empresa o los residentes de larga<br \/>\nduraci\u00f3n, as\u00ed como los miembros de su familia, de conformidad con la<br \/>\nlegislaci\u00f3n de la Uni\u00f3n que regula su movilidad dentro de la Uni\u00f3n.<\/p>\n<p>  La creaci\u00f3n de la Autoridad Laboral<br \/>\nEuropea junto con las nuevas Directivas de conciliaci\u00f3n de la vida<br \/>\npersonal y laboral, y la de mejora de la transparencia y previsibilidad<br \/>\nde las condiciones laborales, tambi\u00e9n publicadas en el DOUE el 11 de julio, s\u00ed como la reciente modificaci\u00f3n de la<br \/>\nDirectiva sobre trabajadores desplazados -que a\u00fan tiene que trasponerse<br \/>\nal ordenamiento jur\u00eddico espa\u00f1ol, son<br \/>\niniciativas europeas en materia laboral puestas en marcha con el \u00e1nimo de velar por una mejora de la protecci\u00f3n de los derechos de los<br \/>\n trabajadores en el marco de una movilidad sostenible y justa que evite<br \/>\ndumping social y competencia desleal.<br \/>\n  &nbsp;<\/p>\n","protected":false},"excerpt":{"rendered":"<p>Con fecha 11 de julio de 2019 se public\u00f3 en el Diario Oficial de la Uni\u00f3n Europea el Reglamento (UE) 2019\/1149 del Parlamento Europeo y del Consejo, de 20 de junio de 2019, por el que se crea la Autoridad Laboral Europea (ELA, en ingl\u00e9s). Este nuevo organismo tendr\u00e1 su sede en Bratislava de acuerdo con la Decisi\u00f3n (UE) 2019\/1199 adoptada de com\u00fan acuerdo entre los representantes de los Gobiernos de los Estados miembros, de 13 de junio de 2019.<\/p>\n","protected":false},"author":1,"featured_media":0,"comment_status":"open","ping_status":"open","sticky":false,"template":"","format":"standard","meta":{"footnotes":""},"categories":[12],"tags":[],"class_list":["post-6522","post","type-post","status-publish","format-standard","hentry","category-europa"],"_links":{"self":[{"href":"https:\/\/www.guitrans.eus\/eu\/wp-json\/wp\/v2\/posts\/6522","targetHints":{"allow":["GET"]}}],"collection":[{"href":"https:\/\/www.guitrans.eus\/eu\/wp-json\/wp\/v2\/posts"}],"about":[{"href":"https:\/\/www.guitrans.eus\/eu\/wp-json\/wp\/v2\/types\/post"}],"author":[{"embeddable":true,"href":"https:\/\/www.guitrans.eus\/eu\/wp-json\/wp\/v2\/users\/1"}],"replies":[{"embeddable":true,"href":"https:\/\/www.guitrans.eus\/eu\/wp-json\/wp\/v2\/comments?post=6522"}],"version-history":[{"count":0,"href":"https:\/\/www.guitrans.eus\/eu\/wp-json\/wp\/v2\/posts\/6522\/revisions"}],"wp:attachment":[{"href":"https:\/\/www.guitrans.eus\/eu\/wp-json\/wp\/v2\/media?parent=6522"}],"wp:term":[{"taxonomy":"category","embeddable":true,"href":"https:\/\/www.guitrans.eus\/eu\/wp-json\/wp\/v2\/categories?post=6522"},{"taxonomy":"post_tag","embeddable":true,"href":"https:\/\/www.guitrans.eus\/eu\/wp-json\/wp\/v2\/tags?post=6522"}],"curies":[{"name":"wp","href":"https:\/\/api.w.org\/{rel}","templated":true}]}}