{"id":6581,"date":"2019-09-17T00:00:00","date_gmt":"2019-09-16T22:00:00","guid":{"rendered":"https:\/\/guitrans.eus\/wp\/index.php\/2019\/09\/17\/ap-15-aprobados-483-millones-de-euros-para-adaptar-los-tuneles-belabieta-gorosmendi-y-oindolar-a-la-directiva-europea-2004-54-ce\/"},"modified":"2019-09-17T00:00:00","modified_gmt":"2019-09-16T22:00:00","slug":"ap-15-aprobados-483-millones-de-euros-para-adaptar-los-tuneles-belabieta-gorosmendi-y-oindolar-a-la-directiva-europea-2004-54-ce","status":"publish","type":"post","link":"https:\/\/www.guitrans.eus\/eu\/2019\/09\/17\/ap-15-aprobados-483-millones-de-euros-para-adaptar-los-tuneles-belabieta-gorosmendi-y-oindolar-a-la-directiva-europea-2004-54-ce\/","title":{"rendered":"AP-15: Aprobados 48,3 millones de euros para adaptar los t\u00faneles Belabieta, Gorosmendi y Oindolar a la directiva europea 2004\/54\/CE"},"content":{"rendered":"<p>El Consejo de Gobierno foral celebrado el martes 17 de septiembre ha<br \/>\naprobado el Plan de Acci\u00f3n para<br \/>\nrefuerzo de revestimiento y adecuaci\u00f3n de instalaciones de los t\u00faneles<br \/>\nde la autopista A-15, en cumplimiento de la citada directiva europea. La<br \/>\n Diputaci\u00f3n arranc\u00f3 este proceso en 2016 y, hasta la fecha, se han<br \/>\nllevado a buen t\u00e9rmino las obras del tubo en direcci\u00f3n Iru\u00f1ea del t\u00fanel<br \/>\nde San Lorenzo-Larre y actualmente se est\u00e1 trabajando en el de<br \/>\ndirecci\u00f3n Donostia. Las actuaciones previstas en los t\u00faneles son, entre otras, las<br \/>\nsiguientes: soluciones de estabilizaci\u00f3n, renovaci\u00f3n del drenaje,<br \/>\nadecuaci\u00f3n de las instalaciones de suministro de energ\u00eda,<br \/>\nredimensionamiento de equipos el\u00e9ctricos, actualizaci\u00f3n del sistema de<br \/>\niluminaci\u00f3n, con tecnolog\u00eda LED para reducir el coste de explotaci\u00f3n,<br \/>\nreinstalaci\u00f3n del sistema de ventilaci\u00f3n, e inclusi\u00f3n de un sistema de<br \/>\nprotecci\u00f3n contra incendios compuesto por una red de hidrantes y una<br \/>\ncolumna seca en el interior de la galer\u00eda. Adem\u00e1s, se incorporar\u00e1n las<br \/>\ntecnolog\u00edas m\u00e1s punteras para actualizar la gesti\u00f3n viaria, controlar la<br \/>\n circulaci\u00f3n y los aforos, mejorar el sistema de circuito cerrado de<br \/>\ntelevisi\u00f3n para instalar un sistema de Detecci\u00f3n Autom\u00e1tica de<br \/>\nIncidentes (DAI), y el sistema de comunicaciones con el usuario,<br \/>\nrenovando el sistema de Postes SOS e incluyendo un sistema de megafon\u00eda.<\/p>\n","protected":false},"excerpt":{"rendered":"<p>Con el Plan de Acci\u00f3n aprobado, la Diputaci\u00f3n plasma su compromiso<br \/>\npara llevar a cabo las obras de estos t\u00faneles entre 2020 y 2023.<\/p>\n","protected":false},"author":1,"featured_media":0,"comment_status":"open","ping_status":"open","sticky":false,"template":"","format":"standard","meta":{"footnotes":""},"categories":[100],"tags":[],"class_list":["post-6581","post","type-post","status-publish","format-standard","hentry","category-azpiegiturak"],"_links":{"self":[{"href":"https:\/\/www.guitrans.eus\/eu\/wp-json\/wp\/v2\/posts\/6581","targetHints":{"allow":["GET"]}}],"collection":[{"href":"https:\/\/www.guitrans.eus\/eu\/wp-json\/wp\/v2\/posts"}],"about":[{"href":"https:\/\/www.guitrans.eus\/eu\/wp-json\/wp\/v2\/types\/post"}],"author":[{"embeddable":true,"href":"https:\/\/www.guitrans.eus\/eu\/wp-json\/wp\/v2\/users\/1"}],"replies":[{"embeddable":true,"href":"https:\/\/www.guitrans.eus\/eu\/wp-json\/wp\/v2\/comments?post=6581"}],"version-history":[{"count":0,"href":"https:\/\/www.guitrans.eus\/eu\/wp-json\/wp\/v2\/posts\/6581\/revisions"}],"wp:attachment":[{"href":"https:\/\/www.guitrans.eus\/eu\/wp-json\/wp\/v2\/media?parent=6581"}],"wp:term":[{"taxonomy":"category","embeddable":true,"href":"https:\/\/www.guitrans.eus\/eu\/wp-json\/wp\/v2\/categories?post=6581"},{"taxonomy":"post_tag","embeddable":true,"href":"https:\/\/www.guitrans.eus\/eu\/wp-json\/wp\/v2\/tags?post=6581"}],"curies":[{"name":"wp","href":"https:\/\/api.w.org\/{rel}","templated":true}]}}