{"id":665,"date":"2009-03-27T00:00:00","date_gmt":"2009-03-26T23:00:00","guid":{"rendered":"https:\/\/guitrans.eus\/wp\/index.php\/2009\/03\/27\/la-madrugada-del-proximo-domingo-dia-29-deberan-adelantarse-los-relojes-una-hora\/"},"modified":"2009-03-27T00:00:00","modified_gmt":"2009-03-26T23:00:00","slug":"la-madrugada-del-proximo-domingo-dia-29-deberan-adelantarse-los-relojes-una-hora","status":"publish","type":"post","link":"https:\/\/www.guitrans.eus\/eu\/2009\/03\/27\/la-madrugada-del-proximo-domingo-dia-29-deberan-adelantarse-los-relojes-una-hora\/","title":{"rendered":"La madrugada del pr\u00f3ximo domingo d\u00eda 29 deber\u00e1n&nbsp;adelantarse los relojes una hora"},"content":{"rendered":"<p>Con la entrada de la primavera los relojes se adelantar\u00e1n una hora en la madrugada del pr\u00f3ximo domingo, d\u00eda 29, de manera que a las 02.00 horas ser\u00e1n las 03.00 horas y as\u00ed comenzar\u00e1 el horario de verano, en cumplimiento de una Directiva Comunitaria que afecta a todos los pa\u00edses miembros de la Uni\u00f3n Europea.<\/p>\n","protected":false},"excerpt":{"rendered":"<p>Con la entrada de la primavera los relojes se adelantar\u00e1n<a href=\"https:\/\/www.guitrans.eus\/eu\/2009\/03\/27\/la-madrugada-del-proximo-domingo-dia-29-deberan-adelantarse-los-relojes-una-hora\/\" rel=\"nofollow\">Seguir leyendo&#8230;<\/a><\/p>\n","protected":false},"author":1,"featured_media":0,"comment_status":"open","ping_status":"open","sticky":false,"template":"","format":"standard","meta":{"footnotes":""},"categories":[85],"tags":[],"class_list":["post-665","post","type-post","status-publish","format-standard","hentry","category-sin-categorizar-2"],"_links":{"self":[{"href":"https:\/\/www.guitrans.eus\/eu\/wp-json\/wp\/v2\/posts\/665","targetHints":{"allow":["GET"]}}],"collection":[{"href":"https:\/\/www.guitrans.eus\/eu\/wp-json\/wp\/v2\/posts"}],"about":[{"href":"https:\/\/www.guitrans.eus\/eu\/wp-json\/wp\/v2\/types\/post"}],"author":[{"embeddable":true,"href":"https:\/\/www.guitrans.eus\/eu\/wp-json\/wp\/v2\/users\/1"}],"replies":[{"embeddable":true,"href":"https:\/\/www.guitrans.eus\/eu\/wp-json\/wp\/v2\/comments?post=665"}],"version-history":[{"count":0,"href":"https:\/\/www.guitrans.eus\/eu\/wp-json\/wp\/v2\/posts\/665\/revisions"}],"wp:attachment":[{"href":"https:\/\/www.guitrans.eus\/eu\/wp-json\/wp\/v2\/media?parent=665"}],"wp:term":[{"taxonomy":"category","embeddable":true,"href":"https:\/\/www.guitrans.eus\/eu\/wp-json\/wp\/v2\/categories?post=665"},{"taxonomy":"post_tag","embeddable":true,"href":"https:\/\/www.guitrans.eus\/eu\/wp-json\/wp\/v2\/tags?post=665"}],"curies":[{"name":"wp","href":"https:\/\/api.w.org\/{rel}","templated":true}]}}