{"id":6707,"date":"2019-12-19T00:00:00","date_gmt":"2019-12-18T23:00:00","guid":{"rendered":"https:\/\/guitrans.eus\/wp\/index.php\/2019\/12\/19\/gipuzkoa-reconoce-expresamente-el-efecto-retroactivo-de-la-exencion-en-el-irpf-de-las-prestaciones-por-maternidad\/"},"modified":"2019-12-19T00:00:00","modified_gmt":"2019-12-18T23:00:00","slug":"gipuzkoa-reconoce-expresamente-el-efecto-retroactivo-de-la-exencion-en-el-irpf-de-las-prestaciones-por-maternidad","status":"publish","type":"post","link":"https:\/\/www.guitrans.eus\/eu\/2019\/12\/19\/gipuzkoa-reconoce-expresamente-el-efecto-retroactivo-de-la-exencion-en-el-irpf-de-las-prestaciones-por-maternidad\/","title":{"rendered":"Gipuzkoa reconoce expresamente el efecto retroactivo de la exenci\u00f3n en el IRPF de las prestaciones por maternidad"},"content":{"rendered":"<p>Mediante la Norma Foral 3\/2019, 11 de febrero, de aprobaci\u00f3n de determinadas medidas tributarias para el a\u00f1o 2019, se incorporaba al ordenamiento tributario de Gipuzkoa la doctrina legal de STS, de 3 de octubre de 2018, recurso n\u00ba 4483\/2017, con efectos retroactivos respecto de los ejercicios anteriores al iniciado el 1 de enero de 2019 que no estuvieran prescritos, por la especial trascendencia y protecci\u00f3n que merece la maternidad, ampliar la exenci\u00f3n de las prestaciones de maternidad y paternidad reguladas en la legislaci\u00f3n general de la Seguridad Social.<\/p>\n<p>Por ello la modificaci\u00f3n, con efectos desde 1 de enero de 2019, de esta exenci\u00f3n operada a trav\u00e9s de la Norma Foral 3\/2019, ser\u00e1 tambi\u00e9n de aplicaci\u00f3n a los periodos impositivos anteriores no prescritos en dicha fecha.<\/p>\n","protected":false},"excerpt":{"rendered":"<p>Al igual que en el territorio alav\u00e9s, Gipuzkoa a trav\u00e9s de la Norma Foral 8\/2019, de 9 de diciembre, por la que se modifica la Norma Foral 3\/2019, de 11 de febrero, de aprobaci\u00f3n de determinadas medidas tributarias para el a\u00f1o 2019 (BOG, 13\/12\/2019) introduce como aclaraci\u00f3n de los efectos de la exenci\u00f3n en el IRPF de las prestaciones p\u00fablicas por maternidad percibidas de la Seguridad Social, que ser\u00e1 tambi\u00e9n de aplicaci\u00f3n a los periodos impositivos anteriores no prescritos a fecha de 1 de enero de 2019.<\/p>\n","protected":false},"author":1,"featured_media":0,"comment_status":"open","ping_status":"open","sticky":false,"template":"","format":"standard","meta":{"footnotes":""},"categories":[14],"tags":[],"class_list":["post-6707","post","type-post","status-publish","format-standard","hentry","category-fiscalidad"],"_links":{"self":[{"href":"https:\/\/www.guitrans.eus\/eu\/wp-json\/wp\/v2\/posts\/6707","targetHints":{"allow":["GET"]}}],"collection":[{"href":"https:\/\/www.guitrans.eus\/eu\/wp-json\/wp\/v2\/posts"}],"about":[{"href":"https:\/\/www.guitrans.eus\/eu\/wp-json\/wp\/v2\/types\/post"}],"author":[{"embeddable":true,"href":"https:\/\/www.guitrans.eus\/eu\/wp-json\/wp\/v2\/users\/1"}],"replies":[{"embeddable":true,"href":"https:\/\/www.guitrans.eus\/eu\/wp-json\/wp\/v2\/comments?post=6707"}],"version-history":[{"count":0,"href":"https:\/\/www.guitrans.eus\/eu\/wp-json\/wp\/v2\/posts\/6707\/revisions"}],"wp:attachment":[{"href":"https:\/\/www.guitrans.eus\/eu\/wp-json\/wp\/v2\/media?parent=6707"}],"wp:term":[{"taxonomy":"category","embeddable":true,"href":"https:\/\/www.guitrans.eus\/eu\/wp-json\/wp\/v2\/categories?post=6707"},{"taxonomy":"post_tag","embeddable":true,"href":"https:\/\/www.guitrans.eus\/eu\/wp-json\/wp\/v2\/tags?post=6707"}],"curies":[{"name":"wp","href":"https:\/\/api.w.org\/{rel}","templated":true}]}}