{"id":6816,"date":"2020-03-20T00:00:00","date_gmt":"2020-03-19T23:00:00","guid":{"rendered":"https:\/\/guitrans.eus\/wp\/index.php\/2020\/03\/20\/gobierno-vasco-medidas-urgentes-de-caracter-economico-aprobadas\/"},"modified":"2020-03-20T00:00:00","modified_gmt":"2020-03-19T23:00:00","slug":"gobierno-vasco-medidas-urgentes-de-caracter-economico-aprobadas","status":"publish","type":"post","link":"https:\/\/www.guitrans.eus\/eu\/2020\/03\/20\/gobierno-vasco-medidas-urgentes-de-caracter-economico-aprobadas\/","title":{"rendered":"Gobierno Vasco: Medidas urgentes de car\u00e1cter econ\u00f3mico aprobadas"},"content":{"rendered":"<p>Las medidas a adoptar de forma inmediata por el ejecutivo vasco son: <\/p>\n<p>  Programa Covid-19:&nbsp;nuevo programa presupuestario dotado inicialmente con 300 millones de euros y ampliable hasta los 500 millones de euros en caso de ser necesario, procedentes de remanentes de tesorer\u00eda y excedentes de cr\u00e9ditos presupuestarios.<br \/>\n  L\u00ednea de financiaci\u00f3n del Instituto Vasco de Finanzas:&nbsp;con una cuant\u00eda de 25 millones de euros, se activar\u00e1 esta semana, de cara a facilitar la necesaria liquidez al tejido productivo vasco, sobre todo centrado en PYMES y aut\u00f3nomos.<br \/>\n  Nueva l\u00ednea de circulante: unido a lo anterior, en el plazo m\u00e1s breve posible, se articular\u00e1n l\u00edneas de financiaci\u00f3n de circulante con avales de la CAE por importe de 500 millones de euros a coste cero a 5 a\u00f1os con uno de carencia, en colaboraci\u00f3n con las entidades bancarias que tienen actividad en la CAV y Elkargi.<br \/>\n  Flexibilizaci\u00f3n,&nbsp;refinanciaci\u00f3n&nbsp;y&nbsp;adaptaci\u00f3n de las condiciones&nbsp;financieras&nbsp;que consistan en anticipos reintegrables, pr\u00e9stamos o avales en programas como&nbsp;GAUZATU, BIDERATU, INDARTU&nbsp;y otros. <\/p>\n<p>De esta forma, se trata de establecer&nbsp;tres prioridades de actuaci\u00f3n&nbsp;en el \u00e1mbito econ\u00f3mico, con distintas medidas concretas en cada uno de ellos, empleando los recursos anteriormente citados:<br \/>\nREFUERZO DEL SISTEMA SANITARIO VASCO <\/p>\n<p>  Suministro y producci\u00f3n de medicamentos y adquisici\u00f3n de material sanitario.<br \/>\n  Refuerzo atenci\u00f3n preventiva y asesoramiento telef\u00f3nico.<br \/>\n  Medidas extraordinarias de refuerzo personal sanitario para atenci\u00f3n asistencial domiciliaria.<br \/>\n  Habilitaci\u00f3n de nuevos espacios de atenci\u00f3n en centros sanitarios. <\/p>\n<p>&nbsp;MEDIDAS DIRIGIDAS A LAS EMPRESAS <\/p>\n<p>  L\u00ednea de financiaci\u00f3n de circulante a Pymes, profesionales y aut\u00f3nomos de 500 millones de euros.<\/p>\n<p>      Ayudas a las empresas para evitar la propagaci\u00f3n del coronavirus en las organizaciones.<br \/>\n      Ayudas para la adquisici\u00f3n de equipos y herramientas tecnol\u00f3gicas.<br \/>\n      Ampliaci\u00f3n de dotaciones de programas para empresas en dificultades. <\/p>\n<p>&nbsp;MEDIDAS DIRIGIDAS A LAS PERSONAS Y LAS FAMILIAS <\/p>\n<p>  Aplicaci\u00f3n extensiva del Programa de conciliaci\u00f3n vida laboral y familiar con ayudas de reducci\u00f3n de jornada para:<\/p>\n<p>      Cuidado de menores y personas contagiadas o aisladas por coronavirus<br \/>\n      Cuidado de menores y personas mayores afectadas por el cierre de centros educativos y residencias de d\u00eda. <\/p>\n<p>  Incentivar la flexibilizaci\u00f3n de la jornada laboral con ayudas p\u00fablicas. <\/p>\n<p>Todas estas medidas son&nbsp;complementarias&nbsp;a las del resto de instituciones.&nbsp;En materia de&nbsp;ayudas fiscales&nbsp;como aplazamientos, exenciones y moratorias, tanto en lo que afecta a obligaciones fiscales de empresas y aut\u00f3nomos, como en lo que hace referencia a tributos locales, se actuar\u00e1 de forma coordinada entre el Gobierno las tres Diputaciones forales y Eudel.<\/p>\n","protected":false},"excerpt":{"rendered":"<p>El Consejo de Gobierno Vasco aprob\u00f3 este pasado martes serie de&nbsp;medidas urgentes&nbsp;para paliar, en la medida de lo posible, las enormes afecciones econ\u00f3micas que va a tener la pandemia del Covid-19 en la CAV:<\/p>\n","protected":false},"author":1,"featured_media":0,"comment_status":"open","ping_status":"open","sticky":false,"template":"","format":"standard","meta":{"footnotes":""},"categories":[90],"tags":[],"class_list":["post-6816","post","type-post","status-publish","format-standard","hentry","category-ekonomia"],"_links":{"self":[{"href":"https:\/\/www.guitrans.eus\/eu\/wp-json\/wp\/v2\/posts\/6816","targetHints":{"allow":["GET"]}}],"collection":[{"href":"https:\/\/www.guitrans.eus\/eu\/wp-json\/wp\/v2\/posts"}],"about":[{"href":"https:\/\/www.guitrans.eus\/eu\/wp-json\/wp\/v2\/types\/post"}],"author":[{"embeddable":true,"href":"https:\/\/www.guitrans.eus\/eu\/wp-json\/wp\/v2\/users\/1"}],"replies":[{"embeddable":true,"href":"https:\/\/www.guitrans.eus\/eu\/wp-json\/wp\/v2\/comments?post=6816"}],"version-history":[{"count":0,"href":"https:\/\/www.guitrans.eus\/eu\/wp-json\/wp\/v2\/posts\/6816\/revisions"}],"wp:attachment":[{"href":"https:\/\/www.guitrans.eus\/eu\/wp-json\/wp\/v2\/media?parent=6816"}],"wp:term":[{"taxonomy":"category","embeddable":true,"href":"https:\/\/www.guitrans.eus\/eu\/wp-json\/wp\/v2\/categories?post=6816"},{"taxonomy":"post_tag","embeddable":true,"href":"https:\/\/www.guitrans.eus\/eu\/wp-json\/wp\/v2\/tags?post=6816"}],"curies":[{"name":"wp","href":"https:\/\/api.w.org\/{rel}","templated":true}]}}