{"id":688,"date":"2009-04-22T00:00:00","date_gmt":"2009-04-21T22:00:00","guid":{"rendered":"https:\/\/guitrans.eus\/wp\/index.php\/2009\/04\/22\/las-matriculaciones-de-vehiculos-industriales-caen-un-714-en-el-primer-trimestre\/"},"modified":"2009-04-22T00:00:00","modified_gmt":"2009-04-21T22:00:00","slug":"las-matriculaciones-de-vehiculos-industriales-caen-un-714-en-el-primer-trimestre","status":"publish","type":"post","link":"https:\/\/www.guitrans.eus\/eu\/2009\/04\/22\/las-matriculaciones-de-vehiculos-industriales-caen-un-714-en-el-primer-trimestre\/","title":{"rendered":"Las matriculaciones de veh\u00edculos industriales caen un 71,4% en el primer trimestre"},"content":{"rendered":"<p>En el primer trimestre de 2009, la matriculaci\u00f3n de veh\u00edculos industriales cay\u00f3 un 71,4% en Espa\u00f1a, matricul\u00e1ndose 3.022 veh\u00educlos frente a los 10.582 matriculados en el primer trimestre de 2008. En el mes de marzo la matriculaci\u00f3n de veh\u00edculos industriales cay\u00f3 un 68,3%. Por tipo de veh\u00edculos, los tractocamiones y veh\u00edculos pesados r\u00edgidos retrocedieron respectivamente hasta marzo un 77,3 y un 72,2%. En cuanto a los veh\u00edculos ligeros y medios las ca\u00eddas han sido del 40,6 y del 58,3% respectivamente en el mismo periodo.<\/p>\n","protected":false},"excerpt":{"rendered":"<p>En el primer trimestre de 2009, la matriculaci\u00f3n de veh\u00edculos<a href=\"https:\/\/www.guitrans.eus\/eu\/2009\/04\/22\/las-matriculaciones-de-vehiculos-industriales-caen-un-714-en-el-primer-trimestre\/\" rel=\"nofollow\">Seguir leyendo&#8230;<\/a><\/p>\n","protected":false},"author":1,"featured_media":0,"comment_status":"open","ping_status":"open","sticky":false,"template":"","format":"standard","meta":{"footnotes":""},"categories":[106],"tags":[],"class_list":["post-688","post","type-post","status-publish","format-standard","hentry","category-jardueraren-datuak"],"_links":{"self":[{"href":"https:\/\/www.guitrans.eus\/eu\/wp-json\/wp\/v2\/posts\/688","targetHints":{"allow":["GET"]}}],"collection":[{"href":"https:\/\/www.guitrans.eus\/eu\/wp-json\/wp\/v2\/posts"}],"about":[{"href":"https:\/\/www.guitrans.eus\/eu\/wp-json\/wp\/v2\/types\/post"}],"author":[{"embeddable":true,"href":"https:\/\/www.guitrans.eus\/eu\/wp-json\/wp\/v2\/users\/1"}],"replies":[{"embeddable":true,"href":"https:\/\/www.guitrans.eus\/eu\/wp-json\/wp\/v2\/comments?post=688"}],"version-history":[{"count":0,"href":"https:\/\/www.guitrans.eus\/eu\/wp-json\/wp\/v2\/posts\/688\/revisions"}],"wp:attachment":[{"href":"https:\/\/www.guitrans.eus\/eu\/wp-json\/wp\/v2\/media?parent=688"}],"wp:term":[{"taxonomy":"category","embeddable":true,"href":"https:\/\/www.guitrans.eus\/eu\/wp-json\/wp\/v2\/categories?post=688"},{"taxonomy":"post_tag","embeddable":true,"href":"https:\/\/www.guitrans.eus\/eu\/wp-json\/wp\/v2\/tags?post=688"}],"curies":[{"name":"wp","href":"https:\/\/api.w.org\/{rel}","templated":true}]}}