{"id":7111,"date":"2020-05-29T00:00:00","date_gmt":"2020-05-28T22:00:00","guid":{"rendered":"https:\/\/guitrans.eus\/wp\/index.php\/2020\/05\/29\/peaje-para-camiones-en-la-n-1-y-ap-15-el-tsjpv-anula-la-norma-foral-6-2018-que-lo-regula-si-bien-diputacion-confirma-que-seguira-cobrandolo\/"},"modified":"2020-05-29T00:00:00","modified_gmt":"2020-05-28T22:00:00","slug":"peaje-para-camiones-en-la-n-1-y-ap-15-el-tsjpv-anula-la-norma-foral-6-2018-que-lo-regula-si-bien-diputacion-confirma-que-seguira-cobrandolo","status":"publish","type":"post","link":"https:\/\/www.guitrans.eus\/eu\/2020\/05\/29\/peaje-para-camiones-en-la-n-1-y-ap-15-el-tsjpv-anula-la-norma-foral-6-2018-que-lo-regula-si-bien-diputacion-confirma-que-seguira-cobrandolo\/","title":{"rendered":"Peaje para camiones en la N-1 y AP-15: El TSJPV anula la Norma Foral 6\/2018 que lo regula, si bien Diputaci\u00f3n confirma que seguir\u00e1 cobr\u00e1ndolo"},"content":{"rendered":"<p>La Diputada de Infraestructuras Viarias, Aintzane Oiarbide, ha hecho p\u00fablico que se seguir\u00e1 cobrando el peaje porque la sentencia no es firme ni plantea medidas cautelares de suspensi\u00f3n, anunciando igualmente que el ente foral presentar\u00e1 un recurso de casaci\u00f3n ante el Supremo en el plazo establecido en la sentencia dictada.<\/p>\n","protected":false},"excerpt":{"rendered":"<p>Este pasado martes, 26 de mayo, tuvimos conocimiento de la sentencia dictada por el Tribunal Superior de Justicia del Pa\u00eds Vasco estimando el recurso interpuesto por el Comit\u00e9 Nacional del Transporte por Carretera contra dicha norma que modificaba los peajes iniciales implantados en la N-I y AP-15. GUITRANS valora de manera positiva la sentencia en la medida en que cuestiona un sobrecoste inasumible para el sector. En el siguiente enlace puede acceder al comunicado de valoraci\u00f3n emitido por la Asociaci\u00f3n.<\/p>\n","protected":false},"author":1,"featured_media":0,"comment_status":"open","ping_status":"open","sticky":false,"template":"","format":"standard","meta":{"footnotes":""},"categories":[17],"tags":[],"class_list":["post-7111","post","type-post","status-publish","format-standard","hentry","category-infraestructuras"],"_links":{"self":[{"href":"https:\/\/www.guitrans.eus\/eu\/wp-json\/wp\/v2\/posts\/7111","targetHints":{"allow":["GET"]}}],"collection":[{"href":"https:\/\/www.guitrans.eus\/eu\/wp-json\/wp\/v2\/posts"}],"about":[{"href":"https:\/\/www.guitrans.eus\/eu\/wp-json\/wp\/v2\/types\/post"}],"author":[{"embeddable":true,"href":"https:\/\/www.guitrans.eus\/eu\/wp-json\/wp\/v2\/users\/1"}],"replies":[{"embeddable":true,"href":"https:\/\/www.guitrans.eus\/eu\/wp-json\/wp\/v2\/comments?post=7111"}],"version-history":[{"count":0,"href":"https:\/\/www.guitrans.eus\/eu\/wp-json\/wp\/v2\/posts\/7111\/revisions"}],"wp:attachment":[{"href":"https:\/\/www.guitrans.eus\/eu\/wp-json\/wp\/v2\/media?parent=7111"}],"wp:term":[{"taxonomy":"category","embeddable":true,"href":"https:\/\/www.guitrans.eus\/eu\/wp-json\/wp\/v2\/categories?post=7111"},{"taxonomy":"post_tag","embeddable":true,"href":"https:\/\/www.guitrans.eus\/eu\/wp-json\/wp\/v2\/tags?post=7111"}],"curies":[{"name":"wp","href":"https:\/\/api.w.org\/{rel}","templated":true}]}}