{"id":7139,"date":"2020-06-11T00:00:00","date_gmt":"2020-06-10T22:00:00","guid":{"rendered":"https:\/\/guitrans.eus\/wp\/index.php\/2020\/06\/11\/espana-covid-19-publicada-la-norma-que-regulara-las-condiciones-tras-el-estado-de-alarma\/"},"modified":"2020-06-11T00:00:00","modified_gmt":"2020-06-10T22:00:00","slug":"espana-covid-19-publicada-la-norma-que-regulara-las-condiciones-tras-el-estado-de-alarma","status":"publish","type":"post","link":"https:\/\/www.guitrans.eus\/eu\/2020\/06\/11\/espana-covid-19-publicada-la-norma-que-regulara-las-condiciones-tras-el-estado-de-alarma\/","title":{"rendered":"ESPA\u00d1A COVID-19: Publicada la norma que regular\u00e1 las condiciones tras el estado de alarma"},"content":{"rendered":"<p>Se mantiene la obligaci\u00f3n de llevar mascarilla en la v\u00eda p\u00fablica, en espacios al aire libre, en cualquier espacio cerrado de uso p\u00fablico o que se encuentre abierto al p\u00fablico, siempre que no resulte posible garantizar el mantenimiento de una distancia de seguridad interpersonal de, al menos, 1,5 metros, en los medios de transporte a\u00e9reo, mar\u00edtimo, en autob\u00fas o por ferrocarril, as\u00ed como en los transportes p\u00fablicos y privados complementarios de viajeros en veh\u00edculos de hasta nueve plazas, incluido el conductor, si los ocupantes de los veh\u00edculos de turismo no conviven en el mismo domicilio. Esta obligaci\u00f3n no ser\u00e1 exigible para las personas que presenten alg\u00fan tipo de enfermedad o dificultad respiratoria que pueda verse agravada por el uso de la mascarilla o que, por su situaci\u00f3n de discapacidad o dependencia, no dispongan de autonom\u00eda para quitarse la mascarilla, o bien presenten alteraciones de conducta que hagan inviable su utilizaci\u00f3n.&nbsp;<\/p>\n<p>Tampoco ser\u00e1 exigible en el caso de ejercicio de deporte individual al aire libre, ni en los supuestos de fuerza mayor o situaci\u00f3n de necesidad o cuando, por la propia naturaleza de las actividades, el uso de la mascarilla resulte incompatible, con arreglo a las indicaciones de las autoridades sanitarias.&nbsp;<\/p>\n<p>Las medidas de prevenci\u00f3n e higiene, como la obligatoriedad de utilizar mascarillas siempre que no se garantice la distancia interpersonal de, al menos, 1,5 metros, continuar\u00e1n vigentes en el periodo de nueva normalidad. El incumplimiento de la obligaci\u00f3n de uso de mascarillas se considera infracci\u00f3n leve  y ser\u00e1 sancionado con multa de hasta 100 euros.<\/p>\n<p>Tambi\u00e9n se contempla la adopci\u00f3n de medidas de prevenci\u00f3n e higiene en el entorno de trabajo, tales como la ordenaci\u00f3n de los puestos de trabajo, la organizaci\u00f3n de los turnos para evitar aglomeraciones, la reincorporaci\u00f3n progresiva de forma presencial a los puestos de trabajo y la potenciaci\u00f3n del uso del teletrabajo cuando por la naturaleza de la actividad laboral sea posible.&nbsp;<\/p>\n<p>El Real Decreto-ley incorpora tambi\u00e9n las medidas necesarias para garantizar la disponibilidad de mascarillas quir\u00fargicas, geles hidroalcoh\u00f3licos y otros productos sanitarios necesarios para la protecci\u00f3n de la salud.<\/p>\n","protected":false},"excerpt":{"rendered":"<p>En el BOE de 10 de junio se ha publicado el Real Decreto-ley 21\/2020, de 9 de junio, de medidas urgentes de prevenci\u00f3n, contenci\u00f3n y coordinaci\u00f3n para hacer frente a la crisis sanitaria ocasionada por el COVID-19, en vigor desde el 11 de junio, y que sienta las bases que regir\u00e1n en la nueva normalidad a partir del 21 de junio cuando finalice el estado de alarma. Este Real Decreto permanecer\u00e1 vigente hasta que el Gobierno declare de forma motivada el final de la crisis sanitaria.<\/p>\n","protected":false},"author":1,"featured_media":0,"comment_status":"open","ping_status":"open","sticky":false,"template":"","format":"standard","meta":{"footnotes":""},"categories":[88],"tags":[],"class_list":["post-7139","post","type-post","status-publish","format-standard","hentry","category-araudia"],"_links":{"self":[{"href":"https:\/\/www.guitrans.eus\/eu\/wp-json\/wp\/v2\/posts\/7139","targetHints":{"allow":["GET"]}}],"collection":[{"href":"https:\/\/www.guitrans.eus\/eu\/wp-json\/wp\/v2\/posts"}],"about":[{"href":"https:\/\/www.guitrans.eus\/eu\/wp-json\/wp\/v2\/types\/post"}],"author":[{"embeddable":true,"href":"https:\/\/www.guitrans.eus\/eu\/wp-json\/wp\/v2\/users\/1"}],"replies":[{"embeddable":true,"href":"https:\/\/www.guitrans.eus\/eu\/wp-json\/wp\/v2\/comments?post=7139"}],"version-history":[{"count":0,"href":"https:\/\/www.guitrans.eus\/eu\/wp-json\/wp\/v2\/posts\/7139\/revisions"}],"wp:attachment":[{"href":"https:\/\/www.guitrans.eus\/eu\/wp-json\/wp\/v2\/media?parent=7139"}],"wp:term":[{"taxonomy":"category","embeddable":true,"href":"https:\/\/www.guitrans.eus\/eu\/wp-json\/wp\/v2\/categories?post=7139"},{"taxonomy":"post_tag","embeddable":true,"href":"https:\/\/www.guitrans.eus\/eu\/wp-json\/wp\/v2\/tags?post=7139"}],"curies":[{"name":"wp","href":"https:\/\/api.w.org\/{rel}","templated":true}]}}