{"id":7188,"date":"2020-07-16T00:00:00","date_gmt":"2020-07-15T22:00:00","guid":{"rendered":"https:\/\/guitrans.eus\/wp\/index.php\/2020\/07\/16\/publicada-en-el-boe-la-ley-que-deroga-el-despido-por-acumulacion-de-bajas-medicas\/"},"modified":"2020-07-16T00:00:00","modified_gmt":"2020-07-15T22:00:00","slug":"publicada-en-el-boe-la-ley-que-deroga-el-despido-por-acumulacion-de-bajas-medicas","status":"publish","type":"post","link":"https:\/\/www.guitrans.eus\/eu\/2020\/07\/16\/publicada-en-el-boe-la-ley-que-deroga-el-despido-por-acumulacion-de-bajas-medicas\/","title":{"rendered":"Publicada en el BOE la ley que deroga el despido por acumulaci\u00f3n de bajas m\u00e9dicas"},"content":{"rendered":"<p>Esta medida&nbsp;procede del Real Decreto-ley 4\/2020 (BOE, 18\/02\/2020) convalidado el pasado mes de marzo por el Congreso. Entonces se decidi\u00f3 tramitar la modificaci\u00f3n legal como proyecto de ley, permitiendo as\u00ed enmiendas de los grupos para intentar modificarlo. Dicho proyecto pas\u00f3 por el Congreso y el Senado sin recibir modificaciones y hoy se publica en el BOE ya como ley.<\/p>\n<p>  Esta norma deroga el art\u00edculo 52.d del Estatuto de los Trabajadores, que permit\u00eda el despido objetivo de un trabajador por faltas de asistencia al trabajo, aun justificadas pero intermitentes, cuando alcanzaran el 20% de las jornadas h\u00e1biles en dos meses consecutivos, siempre que el total de faltas de asistencia en los 12 meses anteriores alcanzaran el 5% de las jornadas h\u00e1biles o el 25% en cuatro meses discontinuos en un per\u00edodo de 12 meses.<\/p>\n","protected":false},"excerpt":{"rendered":"<p>En el BOE de 16 de julio se ha publicado la Ley 1\/2020, de 15 de julio, por la que se deroga el despido objetivo por faltas de asistencia al trabajo establecido en el art\u00edculo 52.d) del texto refundido de la Ley del Estatuto de los Trabajadores, aprobado por el Real Decreto Legislativo 2\/2015, de 23 de octubre.<\/p>\n","protected":false},"author":1,"featured_media":0,"comment_status":"open","ping_status":"open","sticky":false,"template":"","format":"standard","meta":{"footnotes":""},"categories":[88],"tags":[],"class_list":["post-7188","post","type-post","status-publish","format-standard","hentry","category-araudia"],"_links":{"self":[{"href":"https:\/\/www.guitrans.eus\/eu\/wp-json\/wp\/v2\/posts\/7188","targetHints":{"allow":["GET"]}}],"collection":[{"href":"https:\/\/www.guitrans.eus\/eu\/wp-json\/wp\/v2\/posts"}],"about":[{"href":"https:\/\/www.guitrans.eus\/eu\/wp-json\/wp\/v2\/types\/post"}],"author":[{"embeddable":true,"href":"https:\/\/www.guitrans.eus\/eu\/wp-json\/wp\/v2\/users\/1"}],"replies":[{"embeddable":true,"href":"https:\/\/www.guitrans.eus\/eu\/wp-json\/wp\/v2\/comments?post=7188"}],"version-history":[{"count":0,"href":"https:\/\/www.guitrans.eus\/eu\/wp-json\/wp\/v2\/posts\/7188\/revisions"}],"wp:attachment":[{"href":"https:\/\/www.guitrans.eus\/eu\/wp-json\/wp\/v2\/media?parent=7188"}],"wp:term":[{"taxonomy":"category","embeddable":true,"href":"https:\/\/www.guitrans.eus\/eu\/wp-json\/wp\/v2\/categories?post=7188"},{"taxonomy":"post_tag","embeddable":true,"href":"https:\/\/www.guitrans.eus\/eu\/wp-json\/wp\/v2\/tags?post=7188"}],"curies":[{"name":"wp","href":"https:\/\/api.w.org\/{rel}","templated":true}]}}