{"id":7338,"date":"2020-11-12T00:00:00","date_gmt":"2020-11-11T23:00:00","guid":{"rendered":"https:\/\/guitrans.eus\/wp\/index.php\/2020\/11\/12\/publicada-la-norma-foral-que-regula-el-peaje-de-deskarga\/"},"modified":"2020-11-12T00:00:00","modified_gmt":"2020-11-11T23:00:00","slug":"publicada-la-norma-foral-que-regula-el-peaje-de-deskarga","status":"publish","type":"post","link":"https:\/\/www.guitrans.eus\/eu\/2020\/11\/12\/publicada-la-norma-foral-que-regula-el-peaje-de-deskarga\/","title":{"rendered":"Publicada la norma foral que regula el peaje de Deskarga"},"content":{"rendered":"<p>Cuant\u00eda del canon <\/p>\n<p>        &nbsp;Tramo<br \/>\n        &nbsp;kms.<br \/>\n        &nbsp;Veh\u00edculos ligeros<br \/>\n        Veh\u00edculos pesados 1&nbsp;<br \/>\n        Veh\u00edculos ligeros 2&nbsp; <\/p>\n<p>        &nbsp;Beasain &#8211; Ormaiztegi<br \/>\n        &nbsp;2,8<br \/>\n        &nbsp;0,38 euros<br \/>\n        &nbsp;0,61 euros<br \/>\n        &nbsp;0,78 euros <\/p>\n<p>        &nbsp;Ormaiztegi &#8211; Zumarraga<br \/>\n        &nbsp;5,4<br \/>\n        &nbsp;0,74 euros<br \/>\n        &nbsp;1,18 euros<br \/>\n        &nbsp;1,50 euros <\/p>\n<p>        &nbsp;Legazpi\/Urretxu &#8211; Bergara<br \/>\n        &nbsp;7,3<br \/>\n        &nbsp;1,41 euros<br \/>\n        &nbsp;2,32 euros<br \/>\n        &nbsp;2,87 euros <\/p>\n<p>        &nbsp;Legazpi\/Urretxu &#8211; Antzuola<br \/>\n        &nbsp;2,5<br \/>\n        &nbsp;0,48 euros<br \/>\n        &nbsp;0,79 euros<br \/>\n        &nbsp;0,98 euros <\/p>\n<p>GUITRANS, una vez m\u00e1s, se posiciona en contra de los peajes y denuncia que, por un lado, la falta de bonificaciones para los transportistas -bonificaciones que en Bizkaia s\u00ed se aplican- y, por otro, que no se establezcan tarifas diferenciadas en funci\u00f3n del mayor o menor nivel de eficiencia medioambiental de los motores.<\/p>\n","protected":false},"excerpt":{"rendered":"<p>Se ha publicado en el BOG de 12\/11\/2020 y establece&nbsp;que el canon&nbsp; ser\u00e1 de aplicaci\u00f3n a todos los veh\u00edculos de motor o conjunto de veh\u00edculos articulados, excepto a las motocicletas, que transiten por tramos&nbsp;sujetos al pago del canon en la A-636.<\/p>\n","protected":false},"author":1,"featured_media":0,"comment_status":"open","ping_status":"open","sticky":false,"template":"","format":"standard","meta":{"footnotes":""},"categories":[17],"tags":[],"class_list":["post-7338","post","type-post","status-publish","format-standard","hentry","category-infraestructuras"],"_links":{"self":[{"href":"https:\/\/www.guitrans.eus\/eu\/wp-json\/wp\/v2\/posts\/7338","targetHints":{"allow":["GET"]}}],"collection":[{"href":"https:\/\/www.guitrans.eus\/eu\/wp-json\/wp\/v2\/posts"}],"about":[{"href":"https:\/\/www.guitrans.eus\/eu\/wp-json\/wp\/v2\/types\/post"}],"author":[{"embeddable":true,"href":"https:\/\/www.guitrans.eus\/eu\/wp-json\/wp\/v2\/users\/1"}],"replies":[{"embeddable":true,"href":"https:\/\/www.guitrans.eus\/eu\/wp-json\/wp\/v2\/comments?post=7338"}],"version-history":[{"count":0,"href":"https:\/\/www.guitrans.eus\/eu\/wp-json\/wp\/v2\/posts\/7338\/revisions"}],"wp:attachment":[{"href":"https:\/\/www.guitrans.eus\/eu\/wp-json\/wp\/v2\/media?parent=7338"}],"wp:term":[{"taxonomy":"category","embeddable":true,"href":"https:\/\/www.guitrans.eus\/eu\/wp-json\/wp\/v2\/categories?post=7338"},{"taxonomy":"post_tag","embeddable":true,"href":"https:\/\/www.guitrans.eus\/eu\/wp-json\/wp\/v2\/tags?post=7338"}],"curies":[{"name":"wp","href":"https:\/\/api.w.org\/{rel}","templated":true}]}}