{"id":7562,"date":"2021-05-05T00:00:00","date_gmt":"2021-05-04T22:00:00","guid":{"rendered":"https:\/\/guitrans.eus\/wp\/index.php\/2021\/05\/05\/el-pago-por-uso-de-infraestructuras-y-la-revision-del-impuesto-sobre-hidrocarburos-ya-tienen-fecha\/"},"modified":"2021-05-05T00:00:00","modified_gmt":"2021-05-04T22:00:00","slug":"el-pago-por-uso-de-infraestructuras-y-la-revision-del-impuesto-sobre-hidrocarburos-ya-tienen-fecha","status":"publish","type":"post","link":"https:\/\/www.guitrans.eus\/eu\/2021\/05\/05\/el-pago-por-uso-de-infraestructuras-y-la-revision-del-impuesto-sobre-hidrocarburos-ya-tienen-fecha\/","title":{"rendered":"El pago por uso de infraestructuras y la revisi\u00f3n del impuesto sobre hidrocarburos ya tienen fecha"},"content":{"rendered":"<p>Calendario previsto para la revisi\u00f3n del impuesto sobre hidrocarburos y para la implantaci\u00f3n del&nbsp;pago<br \/>\npor uso en la red de carreteras del Estado<br \/>\nEn el cuarto trimestre de 2022 se revisar\u00e1 la imposici\u00f3n sobre los hidrocarburos, con la finalidad de revisar las bonificaciones fiscales del di\u00e9sel sobre la gasolina.  <\/p>\n<p>En relaci\u00f3n con la implantaci\u00f3n del pago por uso, que se pretende que sea escalable y progresiva (por ejemplo, tarificando inicialmente \u00fanicamente la Red de Alta Capacidad, y la extensi\u00f3n a otras redes de forma progresiva), se espera que sea aprobada en el cuarto trimestre de 2023.&nbsp;<\/p>\n<p>El Ejecutivo central prev\u00e9 llevar a cabo una campa\u00f1a de &#8220;concienciaci\u00f3n y sensibilizaci\u00f3n&#8221; en el colectivo de transportistas y la poblaci\u00f3n en cuanto a la necesidad de ejecutar esta medida. As\u00ed, consultar\u00e1 con los transportistas profesionales, con las comunidades aut\u00f3nomas y otras administraciones para determinar la voluntad de todos de incorporar peajes en las carreteras bajo su titularidad.<\/p>\n","protected":false},"excerpt":{"rendered":"<p>El Gobierno central publica las m\u00e1s de 2.000 p\u00e1ginas del Plan de Recuperaci\u00f3n, Transformaci\u00f3n y Resiliencia que el Gobierno envi\u00f3 el pasado viernes, d\u00eda 30, a la Comisi\u00f3n Europea con el calendario de implantaci\u00f3n de las reformas dise\u00f1adas.&nbsp;<\/p>\n","protected":false},"author":1,"featured_media":0,"comment_status":"open","ping_status":"open","sticky":false,"template":"","format":"standard","meta":{"footnotes":""},"categories":[12],"tags":[],"class_list":["post-7562","post","type-post","status-publish","format-standard","hentry","category-europa"],"_links":{"self":[{"href":"https:\/\/www.guitrans.eus\/eu\/wp-json\/wp\/v2\/posts\/7562","targetHints":{"allow":["GET"]}}],"collection":[{"href":"https:\/\/www.guitrans.eus\/eu\/wp-json\/wp\/v2\/posts"}],"about":[{"href":"https:\/\/www.guitrans.eus\/eu\/wp-json\/wp\/v2\/types\/post"}],"author":[{"embeddable":true,"href":"https:\/\/www.guitrans.eus\/eu\/wp-json\/wp\/v2\/users\/1"}],"replies":[{"embeddable":true,"href":"https:\/\/www.guitrans.eus\/eu\/wp-json\/wp\/v2\/comments?post=7562"}],"version-history":[{"count":0,"href":"https:\/\/www.guitrans.eus\/eu\/wp-json\/wp\/v2\/posts\/7562\/revisions"}],"wp:attachment":[{"href":"https:\/\/www.guitrans.eus\/eu\/wp-json\/wp\/v2\/media?parent=7562"}],"wp:term":[{"taxonomy":"category","embeddable":true,"href":"https:\/\/www.guitrans.eus\/eu\/wp-json\/wp\/v2\/categories?post=7562"},{"taxonomy":"post_tag","embeddable":true,"href":"https:\/\/www.guitrans.eus\/eu\/wp-json\/wp\/v2\/tags?post=7562"}],"curies":[{"name":"wp","href":"https:\/\/api.w.org\/{rel}","templated":true}]}}