{"id":7618,"date":"2021-06-09T00:00:00","date_gmt":"2021-06-08T22:00:00","guid":{"rendered":"https:\/\/guitrans.eus\/wp\/index.php\/2021\/06\/09\/nuevo-formato-europeo-de-dni-electronico-4-0\/"},"modified":"2021-06-09T00:00:00","modified_gmt":"2021-06-08T22:00:00","slug":"nuevo-formato-europeo-de-dni-electronico-4-0","status":"publish","type":"post","link":"https:\/\/www.guitrans.eus\/eu\/2021\/06\/09\/nuevo-formato-europeo-de-dni-electronico-4-0\/","title":{"rendered":"Nuevo formato europeo de DNI electr\u00f3nico 4.0"},"content":{"rendered":"<p>Durante los pr\u00f3ximos meses, el Gobierno tiene prevista la implantaci\u00f3n del DNI Expr\u00e9s, un sistema de expedici\u00f3n semiautom\u00e1tico que promete reducir &#8220;los tiempos de espera en las renovaciones ordinarias e incrementar\u00e1 la seguridad obteniendo la fotograf\u00eda in situ&#8221;.<\/p>\n<p>Una medida que tiene aparejada un aumento de puestos de &#8220;Actualizaci\u00f3n Desasistida&#8221; del DNI electr\u00f3nico que busca facilitar al ciudadano la renovaci\u00f3n de los certificados digitales y el pago de tasas mediante la tarjeta.<\/p>\n","protected":false},"excerpt":{"rendered":"<p>La entrada en vigor de este nuevo Documento Nacional de Identidad (tambi\u00e9n llamado &#8220;DNI Europeo&#8221;) se produce para cumplir con el reglamento UE 2019\/1157 de la Uni\u00f3n Europea de obligado cumplimiento en todos los estados miembros a partir del 2 de agosto de 2021. Espa\u00f1a ya cumple con los<br \/>\ncriterios establecidos en este Reglamento europeo, facilitando progresivamente a todos<br \/>\nlos ciudadanos el nuevo formato europeo de DNI electr\u00f3nico 4.0, que adem\u00e1s de<br \/>\nincorporar todas las medidas de seguridad y de usabilidad del anterior formato 3.0, tiene<br \/>\nun nuevo dise\u00f1o del propio soporte.<\/p>\n","protected":false},"author":1,"featured_media":0,"comment_status":"open","ping_status":"open","sticky":false,"template":"","format":"standard","meta":{"footnotes":""},"categories":[99],"tags":[],"class_list":["post-7618","post","type-post","status-publish","format-standard","hentry","category-dokumentazioa"],"_links":{"self":[{"href":"https:\/\/www.guitrans.eus\/eu\/wp-json\/wp\/v2\/posts\/7618","targetHints":{"allow":["GET"]}}],"collection":[{"href":"https:\/\/www.guitrans.eus\/eu\/wp-json\/wp\/v2\/posts"}],"about":[{"href":"https:\/\/www.guitrans.eus\/eu\/wp-json\/wp\/v2\/types\/post"}],"author":[{"embeddable":true,"href":"https:\/\/www.guitrans.eus\/eu\/wp-json\/wp\/v2\/users\/1"}],"replies":[{"embeddable":true,"href":"https:\/\/www.guitrans.eus\/eu\/wp-json\/wp\/v2\/comments?post=7618"}],"version-history":[{"count":0,"href":"https:\/\/www.guitrans.eus\/eu\/wp-json\/wp\/v2\/posts\/7618\/revisions"}],"wp:attachment":[{"href":"https:\/\/www.guitrans.eus\/eu\/wp-json\/wp\/v2\/media?parent=7618"}],"wp:term":[{"taxonomy":"category","embeddable":true,"href":"https:\/\/www.guitrans.eus\/eu\/wp-json\/wp\/v2\/categories?post=7618"},{"taxonomy":"post_tag","embeddable":true,"href":"https:\/\/www.guitrans.eus\/eu\/wp-json\/wp\/v2\/tags?post=7618"}],"curies":[{"name":"wp","href":"https:\/\/api.w.org\/{rel}","templated":true}]}}