{"id":7645,"date":"2021-07-06T00:00:00","date_gmt":"2021-07-05T22:00:00","guid":{"rendered":"https:\/\/guitrans.eus\/wp\/index.php\/2021\/07\/06\/la-dgt-aclara-las-dudas-sobre-los-cambios-en-las-bajas-temporales-y-definitivas-de-vehiculos\/"},"modified":"2021-07-06T00:00:00","modified_gmt":"2021-07-05T22:00:00","slug":"la-dgt-aclara-las-dudas-sobre-los-cambios-en-las-bajas-temporales-y-definitivas-de-vehiculos","status":"publish","type":"post","link":"https:\/\/www.guitrans.eus\/eu\/2021\/07\/06\/la-dgt-aclara-las-dudas-sobre-los-cambios-en-las-bajas-temporales-y-definitivas-de-vehiculos\/","title":{"rendered":"La DGT aclara las dudas sobre los cambios en las bajas temporales y definitivas de veh\u00edculos"},"content":{"rendered":"<p>El 14\/04\/2021 se public\u00f3 en el BOE el Real Decreto 265\/2021, de 13 de abril, sobre los veh\u00edculos al final de su vida \u00fatil y por el que se modifica el Reglamento General de Veh\u00edculos, aprobado por el Real Decreto 2822\/1998, de 23 de diciembre. La DGT ha procedido a aclarar en la Nota informativa 2021\/23&nbsp;que los preceptos descritos en la indicada nota se aplicar\u00e1n a las solicitudes de tr\u00e1mite a partir del 15 de abril de 2022 y no se aplicar\u00e1n con efectos retroactivos siguiendo el principio de seguridad jur\u00eddica.<\/p>\n","protected":false},"excerpt":{"rendered":"<p>El 14\/04\/2021 se public\u00f3 en el BOE el Real Decreto<a href=\"https:\/\/www.guitrans.eus\/eu\/2021\/07\/06\/la-dgt-aclara-las-dudas-sobre-los-cambios-en-las-bajas-temporales-y-definitivas-de-vehiculos\/\" rel=\"nofollow\">Seguir leyendo&#8230;<\/a><\/p>\n","protected":false},"author":1,"featured_media":0,"comment_status":"open","ping_status":"open","sticky":false,"template":"","format":"standard","meta":{"footnotes":""},"categories":[26],"tags":[],"class_list":["post-7645","post","type-post","status-publish","format-standard","hentry","category-normativa"],"_links":{"self":[{"href":"https:\/\/www.guitrans.eus\/eu\/wp-json\/wp\/v2\/posts\/7645","targetHints":{"allow":["GET"]}}],"collection":[{"href":"https:\/\/www.guitrans.eus\/eu\/wp-json\/wp\/v2\/posts"}],"about":[{"href":"https:\/\/www.guitrans.eus\/eu\/wp-json\/wp\/v2\/types\/post"}],"author":[{"embeddable":true,"href":"https:\/\/www.guitrans.eus\/eu\/wp-json\/wp\/v2\/users\/1"}],"replies":[{"embeddable":true,"href":"https:\/\/www.guitrans.eus\/eu\/wp-json\/wp\/v2\/comments?post=7645"}],"version-history":[{"count":0,"href":"https:\/\/www.guitrans.eus\/eu\/wp-json\/wp\/v2\/posts\/7645\/revisions"}],"wp:attachment":[{"href":"https:\/\/www.guitrans.eus\/eu\/wp-json\/wp\/v2\/media?parent=7645"}],"wp:term":[{"taxonomy":"category","embeddable":true,"href":"https:\/\/www.guitrans.eus\/eu\/wp-json\/wp\/v2\/categories?post=7645"},{"taxonomy":"post_tag","embeddable":true,"href":"https:\/\/www.guitrans.eus\/eu\/wp-json\/wp\/v2\/tags?post=7645"}],"curies":[{"name":"wp","href":"https:\/\/api.w.org\/{rel}","templated":true}]}}