{"id":7664,"date":"2021-07-22T00:00:00","date_gmt":"2021-07-21T22:00:00","guid":{"rendered":"https:\/\/guitrans.eus\/wp\/index.php\/2021\/07\/22\/planderecuperacion-gob-es-nueva-pagina-web-del-gobierno-con-informacion-sobre-el-plan-de-recuperacion-transformacion-y-resiliencia\/"},"modified":"2021-07-22T00:00:00","modified_gmt":"2021-07-21T22:00:00","slug":"planderecuperacion-gob-es-nueva-pagina-web-del-gobierno-con-informacion-sobre-el-plan-de-recuperacion-transformacion-y-resiliencia","status":"publish","type":"post","link":"https:\/\/www.guitrans.eus\/eu\/2021\/07\/22\/planderecuperacion-gob-es-nueva-pagina-web-del-gobierno-con-informacion-sobre-el-plan-de-recuperacion-transformacion-y-resiliencia\/","title":{"rendered":"Planderecuperacion.gob.es, nueva p\u00e1gina web del Gobierno con informaci\u00f3n sobre el Plan de Recuperaci\u00f3n, Transformaci\u00f3n y Resiliencia"},"content":{"rendered":"<p>La&nbsp;p\u00e1gina web&nbsp;est\u00e1 dirigida a ciudadanos, aut\u00f3nomos, pymes, empresas y organizaciones interesadas en acceder a los fondos del Plan de Recuperaci\u00f3n, Transformaci\u00f3n y Resiliencia. \u00bfC\u00f3mo puedo acceder a los fondos si soy una pyme? \u00bfQu\u00e9 convocatorias hay ya publicadas y c\u00f3mo puedo encontrarlas? \u00bfQu\u00e9 es un PERTE y cu\u00e1ntos hay aprobados? son algunas de las cuestiones a las que responde la nueva p\u00e1gina oficial, que ser\u00e1 ampliada y actualizada con nuevos contenidos mientras dure la distribuci\u00f3n de los fondos europeos.<\/p>\n<p>La p\u00e1gina contiene informaci\u00f3n sobre el plan de recuperaci\u00f3n para Europa NextGenerationEU y el Plan de Recuperaci\u00f3n, Transformaci\u00f3n y Resiliencia espa\u00f1ol -con sus reformas e inversiones-, un apartado sobre los distintos tipos de acceso a los fondos (licitaciones, subvenciones y ayudas, PERTE o manifestaciones de inter\u00e9s), una relaci\u00f3n de todas las convocatorias abiertas, informaci\u00f3n sobre los plazos del plan, respuestas a las preguntas m\u00e1s frecuentes, noticias sobre la distribuci\u00f3n de los fondos y acceso a los documentos y enlaces relacionados.<\/p>\n","protected":false},"excerpt":{"rendered":"<p>La&nbsp;p\u00e1gina web&nbsp;est\u00e1 dirigida a ciudadanos, aut\u00f3nomos, pymes, empresas y organizaciones<a href=\"https:\/\/www.guitrans.eus\/eu\/2021\/07\/22\/planderecuperacion-gob-es-nueva-pagina-web-del-gobierno-con-informacion-sobre-el-plan-de-recuperacion-transformacion-y-resiliencia\/\" rel=\"nofollow\">Seguir leyendo&#8230;<\/a><\/p>\n","protected":false},"author":1,"featured_media":7665,"comment_status":"open","ping_status":"open","sticky":false,"template":"","format":"standard","meta":{"footnotes":""},"categories":[27],"tags":[],"class_list":["post-7664","post","type-post","status-publish","format-standard","has-post-thumbnail","hentry","category-nuevas-tecnologias"],"_links":{"self":[{"href":"https:\/\/www.guitrans.eus\/eu\/wp-json\/wp\/v2\/posts\/7664","targetHints":{"allow":["GET"]}}],"collection":[{"href":"https:\/\/www.guitrans.eus\/eu\/wp-json\/wp\/v2\/posts"}],"about":[{"href":"https:\/\/www.guitrans.eus\/eu\/wp-json\/wp\/v2\/types\/post"}],"author":[{"embeddable":true,"href":"https:\/\/www.guitrans.eus\/eu\/wp-json\/wp\/v2\/users\/1"}],"replies":[{"embeddable":true,"href":"https:\/\/www.guitrans.eus\/eu\/wp-json\/wp\/v2\/comments?post=7664"}],"version-history":[{"count":0,"href":"https:\/\/www.guitrans.eus\/eu\/wp-json\/wp\/v2\/posts\/7664\/revisions"}],"wp:featuredmedia":[{"embeddable":true,"href":"https:\/\/www.guitrans.eus\/eu\/wp-json\/wp\/v2\/media\/7665"}],"wp:attachment":[{"href":"https:\/\/www.guitrans.eus\/eu\/wp-json\/wp\/v2\/media?parent=7664"}],"wp:term":[{"taxonomy":"category","embeddable":true,"href":"https:\/\/www.guitrans.eus\/eu\/wp-json\/wp\/v2\/categories?post=7664"},{"taxonomy":"post_tag","embeddable":true,"href":"https:\/\/www.guitrans.eus\/eu\/wp-json\/wp\/v2\/tags?post=7664"}],"curies":[{"name":"wp","href":"https:\/\/api.w.org\/{rel}","templated":true}]}}