{"id":7679,"date":"2021-08-03T00:00:00","date_gmt":"2021-08-02T22:00:00","guid":{"rendered":"https:\/\/guitrans.eus\/wp\/index.php\/2021\/08\/03\/paris-reduce-a-30-km-h-el-limite-de-velocidad-en-casi-toda-la-ciudad\/"},"modified":"2021-08-03T00:00:00","modified_gmt":"2021-08-02T22:00:00","slug":"paris-reduce-a-30-km-h-el-limite-de-velocidad-en-casi-toda-la-ciudad","status":"publish","type":"post","link":"https:\/\/www.guitrans.eus\/eu\/2021\/08\/03\/paris-reduce-a-30-km-h-el-limite-de-velocidad-en-casi-toda-la-ciudad\/","title":{"rendered":"Par\u00eds reduce a 30 km\/h el l\u00edmite de velocidad en casi toda la ciudad"},"content":{"rendered":"<p>Esta medida, adoptada por la alcald\u00eda de Par\u00eds conjuntamente con la Prefectura de Polic\u00eda, tal y como se establece en la Arr\u00eat\u00e9 N\u00ba2021P110904, de 8 de julio, afectar\u00e1 a casi todas las calles de la capital francesa, salvo el boulevard perif\u00e9rico y algunos ejes muy transitados, como la avenida de los Campos El\u00edseos, donde se podr\u00e1 circular a 50 km\/h.<\/p>\n","protected":false},"excerpt":{"rendered":"<p>Esta medida, adoptada por la alcald\u00eda de Par\u00eds conjuntamente con<a href=\"https:\/\/www.guitrans.eus\/eu\/2021\/08\/03\/paris-reduce-a-30-km-h-el-limite-de-velocidad-en-casi-toda-la-ciudad\/\" rel=\"nofollow\">Seguir leyendo&#8230;<\/a><\/p>\n","protected":false},"author":1,"featured_media":0,"comment_status":"open","ping_status":"open","sticky":false,"template":"","format":"standard","meta":{"footnotes":""},"categories":[87],"tags":[],"class_list":["post-7679","post","type-post","status-publish","format-standard","hentry","category-europa-eu"],"_links":{"self":[{"href":"https:\/\/www.guitrans.eus\/eu\/wp-json\/wp\/v2\/posts\/7679","targetHints":{"allow":["GET"]}}],"collection":[{"href":"https:\/\/www.guitrans.eus\/eu\/wp-json\/wp\/v2\/posts"}],"about":[{"href":"https:\/\/www.guitrans.eus\/eu\/wp-json\/wp\/v2\/types\/post"}],"author":[{"embeddable":true,"href":"https:\/\/www.guitrans.eus\/eu\/wp-json\/wp\/v2\/users\/1"}],"replies":[{"embeddable":true,"href":"https:\/\/www.guitrans.eus\/eu\/wp-json\/wp\/v2\/comments?post=7679"}],"version-history":[{"count":0,"href":"https:\/\/www.guitrans.eus\/eu\/wp-json\/wp\/v2\/posts\/7679\/revisions"}],"wp:attachment":[{"href":"https:\/\/www.guitrans.eus\/eu\/wp-json\/wp\/v2\/media?parent=7679"}],"wp:term":[{"taxonomy":"category","embeddable":true,"href":"https:\/\/www.guitrans.eus\/eu\/wp-json\/wp\/v2\/categories?post=7679"},{"taxonomy":"post_tag","embeddable":true,"href":"https:\/\/www.guitrans.eus\/eu\/wp-json\/wp\/v2\/tags?post=7679"}],"curies":[{"name":"wp","href":"https:\/\/api.w.org\/{rel}","templated":true}]}}