{"id":7744,"date":"2021-10-29T00:00:00","date_gmt":"2021-10-28T22:00:00","guid":{"rendered":"https:\/\/guitrans.eus\/wp\/index.php\/2021\/10\/29\/ap-7-entre-girona-norte-y-el-vendrell-se-amplia-al-1-de-noviembre-la-prohibicion-que-tienen-los-vehiculos-pesados-los-domingos-por-la-tarde\/"},"modified":"2021-10-29T00:00:00","modified_gmt":"2021-10-28T22:00:00","slug":"ap-7-entre-girona-norte-y-el-vendrell-se-amplia-al-1-de-noviembre-la-prohibicion-que-tienen-los-vehiculos-pesados-los-domingos-por-la-tarde","status":"publish","type":"post","link":"https:\/\/www.guitrans.eus\/eu\/2021\/10\/29\/ap-7-entre-girona-norte-y-el-vendrell-se-amplia-al-1-de-noviembre-la-prohibicion-que-tienen-los-vehiculos-pesados-los-domingos-por-la-tarde\/","title":{"rendered":"AP-7, entre Girona Norte y El Vendrell: se ampl\u00eda al 1 de noviembre la prohibici\u00f3n que tienen los veh\u00edculos pesados los domingos por la tarde"},"content":{"rendered":"<p>Seg\u00fan nos informa el Servei Catal\u00e1 de Tr\u00e0nsit&nbsp; los veh\u00edculos de m\u00e1s de 7,5 Tn de MMA que circulen en ambos sentidos por la AP-7 entre el km 55, Girona Nord y el km 216, El Vendrell, no podr\u00e1n adelantar los domingos por la tarde, ni tampoco el 1 de noviembre, entre las 15 y las 22 horas, y no podr\u00e1n circular a m\u00e1s de 80 km\/hora.<\/p>\n<p>La medida entr\u00f3 en vigor el&nbsp; domingo 3 de octubre y permanecer\u00e1 en aplicaci\u00f3n hasta que entren en vigor las prohibiciones de circulaci\u00f3n para el a\u00f1o 2022, previsiblemente el 1 de enero de 2022.<\/p>\n","protected":false},"excerpt":{"rendered":"<p>Seg\u00fan nos informa el Servei Catal\u00e1 de Tr\u00e0nsit&nbsp; los veh\u00edculos<a href=\"https:\/\/www.guitrans.eus\/eu\/2021\/10\/29\/ap-7-entre-girona-norte-y-el-vendrell-se-amplia-al-1-de-noviembre-la-prohibicion-que-tienen-los-vehiculos-pesados-los-domingos-por-la-tarde\/\" rel=\"nofollow\">Seguir leyendo&#8230;<\/a><\/p>\n","protected":false},"author":1,"featured_media":0,"comment_status":"open","ping_status":"open","sticky":false,"template":"","format":"standard","meta":{"footnotes":""},"categories":[89],"tags":[],"class_list":["post-7744","post","type-post","status-publish","format-standard","hentry","category-nor-gara-gu"],"_links":{"self":[{"href":"https:\/\/www.guitrans.eus\/eu\/wp-json\/wp\/v2\/posts\/7744","targetHints":{"allow":["GET"]}}],"collection":[{"href":"https:\/\/www.guitrans.eus\/eu\/wp-json\/wp\/v2\/posts"}],"about":[{"href":"https:\/\/www.guitrans.eus\/eu\/wp-json\/wp\/v2\/types\/post"}],"author":[{"embeddable":true,"href":"https:\/\/www.guitrans.eus\/eu\/wp-json\/wp\/v2\/users\/1"}],"replies":[{"embeddable":true,"href":"https:\/\/www.guitrans.eus\/eu\/wp-json\/wp\/v2\/comments?post=7744"}],"version-history":[{"count":0,"href":"https:\/\/www.guitrans.eus\/eu\/wp-json\/wp\/v2\/posts\/7744\/revisions"}],"wp:attachment":[{"href":"https:\/\/www.guitrans.eus\/eu\/wp-json\/wp\/v2\/media?parent=7744"}],"wp:term":[{"taxonomy":"category","embeddable":true,"href":"https:\/\/www.guitrans.eus\/eu\/wp-json\/wp\/v2\/categories?post=7744"},{"taxonomy":"post_tag","embeddable":true,"href":"https:\/\/www.guitrans.eus\/eu\/wp-json\/wp\/v2\/tags?post=7744"}],"curies":[{"name":"wp","href":"https:\/\/api.w.org\/{rel}","templated":true}]}}