{"id":7759,"date":"2021-10-19T00:00:00","date_gmt":"2021-10-18T22:00:00","guid":{"rendered":"https:\/\/guitrans.eus\/wp\/index.php\/2021\/10\/19\/peaje-camiones-n-1-ap-15-publicado-en-el-bog-el-fallo-de-la-sentencia-del-tjpv-que-anula-la-norma-foral-6-2018\/"},"modified":"2021-10-19T00:00:00","modified_gmt":"2021-10-18T22:00:00","slug":"peaje-camiones-n-1-ap-15-publicado-en-el-bog-el-fallo-de-la-sentencia-del-tjpv-que-anula-la-norma-foral-6-2018","status":"publish","type":"post","link":"https:\/\/www.guitrans.eus\/eu\/2021\/10\/19\/peaje-camiones-n-1-ap-15-publicado-en-el-bog-el-fallo-de-la-sentencia-del-tjpv-que-anula-la-norma-foral-6-2018\/","title":{"rendered":"Peaje camiones N-1\/AP-15: publicado en el BOG el fallo de la sentencia del TJPV que anula la Norma Foral 6\/2018"},"content":{"rendered":"<p>La diputada de Infraestructuras Viarias, Aintzane Oiarbide, ha remarcado&nbsp; que la suspensi\u00f3n del canon ser\u00e1 temporal, ya que el Gobierno foral ha presentado un nuevo anteproyecto de Norma Foral que regular\u00e1 un peaje a lo largo de todo el trazado de la N-I y la AP-15 en territorio guipuzcoano. Este anteproyecto ya ha comenzado su tr\u00e1mite en las Juntas Generales de Gipuzkoa y su aprobaci\u00f3n se prev\u00e9 antes de fin de a\u00f1o.<\/p>\n","protected":false},"excerpt":{"rendered":"<p>Con su publicaci\u00f3n en el BOG de hoy, 21 de octubre, queda sin efecto la segunda norma foral que hasta ayer a las 23:59 horas se estaba aplicando. En consecuencia, desde las 00:00 horas de hoy el peaje para camiones queda anulado y deja de cobrarse.&nbsp;<\/p>\n","protected":false},"author":1,"featured_media":0,"comment_status":"open","ping_status":"open","sticky":false,"template":"","format":"standard","meta":{"footnotes":""},"categories":[89],"tags":[],"class_list":["post-7759","post","type-post","status-publish","format-standard","hentry","category-nor-gara-gu"],"_links":{"self":[{"href":"https:\/\/www.guitrans.eus\/eu\/wp-json\/wp\/v2\/posts\/7759","targetHints":{"allow":["GET"]}}],"collection":[{"href":"https:\/\/www.guitrans.eus\/eu\/wp-json\/wp\/v2\/posts"}],"about":[{"href":"https:\/\/www.guitrans.eus\/eu\/wp-json\/wp\/v2\/types\/post"}],"author":[{"embeddable":true,"href":"https:\/\/www.guitrans.eus\/eu\/wp-json\/wp\/v2\/users\/1"}],"replies":[{"embeddable":true,"href":"https:\/\/www.guitrans.eus\/eu\/wp-json\/wp\/v2\/comments?post=7759"}],"version-history":[{"count":0,"href":"https:\/\/www.guitrans.eus\/eu\/wp-json\/wp\/v2\/posts\/7759\/revisions"}],"wp:attachment":[{"href":"https:\/\/www.guitrans.eus\/eu\/wp-json\/wp\/v2\/media?parent=7759"}],"wp:term":[{"taxonomy":"category","embeddable":true,"href":"https:\/\/www.guitrans.eus\/eu\/wp-json\/wp\/v2\/categories?post=7759"},{"taxonomy":"post_tag","embeddable":true,"href":"https:\/\/www.guitrans.eus\/eu\/wp-json\/wp\/v2\/tags?post=7759"}],"curies":[{"name":"wp","href":"https:\/\/api.w.org\/{rel}","templated":true}]}}