{"id":7791,"date":"2021-11-17T00:00:00","date_gmt":"2021-11-16T23:00:00","guid":{"rendered":"https:\/\/guitrans.eus\/wp\/index.php\/2021\/11\/17\/el-tribunal-supremo-fija-como-doctrina-que-el-seguro-del-camion-no-cubre-los-danos-del-semirremolque\/"},"modified":"2021-11-17T00:00:00","modified_gmt":"2021-11-16T23:00:00","slug":"el-tribunal-supremo-fija-como-doctrina-que-el-seguro-del-camion-no-cubre-los-danos-del-semirremolque","status":"publish","type":"post","link":"https:\/\/www.guitrans.eus\/eu\/2021\/11\/17\/el-tribunal-supremo-fija-como-doctrina-que-el-seguro-del-camion-no-cubre-los-danos-del-semirremolque\/","title":{"rendered":"El Tribunal Supremo fija como doctrina que el seguro del cami\u00f3n no cubre los da\u00f1os del semirremolque"},"content":{"rendered":"<p>Fija el Supremo la siguiente doctrina jurisprudencial:&nbsp;\u00abEl art\u00edculo 5.2 de la Ley sobre responsabilidad civil y seguro en la circulaci\u00f3n de veh\u00edculos a motor debe interpretarse en el sentido de que, en los casos de accidente de tr\u00e1fico de un veh\u00edculo articulado debido a la culpa del conductor del cami\u00f3n-tractor, el seguro obligatorio de este no cubre los da\u00f1os del semirremolque enganchado a \u00e9l\u00bb.&nbsp;<\/p>\n<p>Sentencia 680\/2021 del TS que recoge el pronunciamiento del Tribunal de Justicia de la Uni\u00f3n Europea en el asunto C-923\/19.<\/p>\n","protected":false},"excerpt":{"rendered":"<p>La sentencia 680\/2021 de la Sala de lo Civil del Tribunal Supremo del 7 de octubre de 2021, en respuesta al recurso de casaci\u00f3n 638\/2017, fija que el seguro obligatorio que tiene cualquier cami\u00f3n -cabeza tractora- no cubre los da\u00f1os del semirremolque que se encuentre enganchado en caso de accidente con culpabilidad del ch\u00f3fer.&nbsp;<\/p>\n","protected":false},"author":1,"featured_media":0,"comment_status":"open","ping_status":"open","sticky":false,"template":"","format":"standard","meta":{"footnotes":""},"categories":[88],"tags":[],"class_list":["post-7791","post","type-post","status-publish","format-standard","hentry","category-araudia"],"_links":{"self":[{"href":"https:\/\/www.guitrans.eus\/eu\/wp-json\/wp\/v2\/posts\/7791","targetHints":{"allow":["GET"]}}],"collection":[{"href":"https:\/\/www.guitrans.eus\/eu\/wp-json\/wp\/v2\/posts"}],"about":[{"href":"https:\/\/www.guitrans.eus\/eu\/wp-json\/wp\/v2\/types\/post"}],"author":[{"embeddable":true,"href":"https:\/\/www.guitrans.eus\/eu\/wp-json\/wp\/v2\/users\/1"}],"replies":[{"embeddable":true,"href":"https:\/\/www.guitrans.eus\/eu\/wp-json\/wp\/v2\/comments?post=7791"}],"version-history":[{"count":0,"href":"https:\/\/www.guitrans.eus\/eu\/wp-json\/wp\/v2\/posts\/7791\/revisions"}],"wp:attachment":[{"href":"https:\/\/www.guitrans.eus\/eu\/wp-json\/wp\/v2\/media?parent=7791"}],"wp:term":[{"taxonomy":"category","embeddable":true,"href":"https:\/\/www.guitrans.eus\/eu\/wp-json\/wp\/v2\/categories?post=7791"},{"taxonomy":"post_tag","embeddable":true,"href":"https:\/\/www.guitrans.eus\/eu\/wp-json\/wp\/v2\/tags?post=7791"}],"curies":[{"name":"wp","href":"https:\/\/api.w.org\/{rel}","templated":true}]}}