{"id":7803,"date":"2021-11-24T00:00:00","date_gmt":"2021-11-23T23:00:00","guid":{"rendered":"https:\/\/guitrans.eus\/wp\/index.php\/2021\/11\/24\/espana-covid-19-prorroga-de-determinadas-medidas-economicas-para-apoyar-la-recuperacion\/"},"modified":"2021-11-24T00:00:00","modified_gmt":"2021-11-23T23:00:00","slug":"espana-covid-19-prorroga-de-determinadas-medidas-economicas-para-apoyar-la-recuperacion","status":"publish","type":"post","link":"https:\/\/www.guitrans.eus\/eu\/2021\/11\/24\/espana-covid-19-prorroga-de-determinadas-medidas-economicas-para-apoyar-la-recuperacion\/","title":{"rendered":"ESPA\u00d1A COVID-19: pr\u00f3rroga de determinadas medidas econ\u00f3micas para apoyar la recuperaci\u00f3n"},"content":{"rendered":"<p>El Real Decreto-ley ampl\u00eda la vigencia de determinadas medidas de apoyo a aut\u00f3nomos y empresas para garantizar su plena recuperaci\u00f3n y viabilidad.<\/p>\n<p>Se trata de seguir apoyando la recuperaci\u00f3n y solvencia del tejido productivo para que las empresas puedan aprovechar el nuevo entorno de crecimiento econ\u00f3mico.<\/p>\n<p>Ampliaci\u00f3n de las L\u00edneas de Avales <\/p>\n<p>Los aut\u00f3nomos y empresas podr\u00e1n acceder a financiaci\u00f3n garantizada a trav\u00e9s de las L\u00edneas de Avales hasta el 30 de junio de 2022 para cubrir sus necesidades de liquidez o financiar sus proyectos de inversi\u00f3n.<\/p>\n<p>Adicionalmente, se ampl\u00eda hasta el 30 de junio de 2022 el plazo de reintegro por parte de las Comunidades Aut\u00f3nomas de los fondos no ejecutados de la L\u00ednea COVID de ayudas directas a aut\u00f3nomos y empresas. De esta forma, las Comunidades dispondr\u00e1n de un plazo adicional para resolver los recursos de las convocatorias ya cerradas.<\/p>\n<p>Extensi\u00f3n de la suspensi\u00f3n del r\u00e9gimen de liberalizaci\u00f3n de inversiones extranjeras <\/p>\n<p>El Real Decreto-ley ampl\u00eda hasta el 31 de diciembre de 2022 la extensi\u00f3n de la suspensi\u00f3n del r\u00e9gimen de liberalizaci\u00f3n de las inversiones extranjeras, en determinados sectores, procedentes de pa\u00edses de la Uni\u00f3n Europea y de la Asociaci\u00f3n Europea de Libre Comercio en sociedades cotizadas en Espa\u00f1a o en sociedades no cotizadas, si la inversi\u00f3n es superior a 500 millones de euros. <\/p>\n<p>La ampliaci\u00f3n de la vigencia de esta medida tiene como objetivo proteger la seguridad, salud y orden p\u00fablico, as\u00ed como garantizar la seguridad jur\u00eddica de los operadores econ\u00f3micos.<\/p>\n<p>Medidas en el \u00e1mbito concursal <\/p>\n<p>El Real Decreto-Ley aprobado establece tambi\u00e9n medidas en el \u00e1mbito concursal, ampli\u00e1ndose al ejercicio 2021 la medida excepcional establecida en la Ley 3\/2020 de exclusi\u00f3n de los resultados a los efectos de la causa legal de disoluci\u00f3n por p\u00e9rdidas.&nbsp; <\/p>\n<p>Extiende, a su vez hasta el 30 de junio de 2022, la exenci\u00f3n del deber del deudor que se encuentre en estado de insolvencia de solicitar la declaraci\u00f3n de concurso y la no admisi\u00f3n a tr\u00e1mite de las solicitudes de concurso necesario que presenten los acreedores, con el fin de que las empresas viables en condiciones normales de mercado cuenten con instrumentos legales que les permitan mantener su actividad y el empleo y dispongan de un margen adicional para restablecer su equilibrio patrimonial en tanto se tramita la modernizaci\u00f3n del r\u00e9gimen concursal espa\u00f1ol. <\/p>\n<p>El objetivo de esta reforma del Plan de Recuperaci\u00f3n, Transformaci\u00f3n y Resiliencia es reorientar el marco concursal dot\u00e1ndolo de nuevos instrumentos para la reestructuraci\u00f3n temprana de empresas viables, avanzando en la segunda oportunidad para empresarios que sean personas f\u00edsicas y agilizando los procesos concursales, con el fin de evitar la destrucci\u00f3n de empleo y de tejido productivo.<\/p>\n","protected":false},"excerpt":{"rendered":"<p>En el BOE de 24 de noviembre se ha publicado el Real Decreto-ley 27\/2021, de 23 de noviembre, por el que se prorrogan determinadas medidas econ\u00f3micas para apoyar la recuperaci\u00f3n, entre otras, las medidas de apoyo a aut\u00f3nomos y empresas y la libertad para introducir puntos de recarga para veh\u00edculos el\u00e9ctricos en las gasolineras. El Real Decreto-ley aprobado ampl\u00eda la vigencia de las L\u00edneas de Avales, prorroga el r\u00e9gimen de autorizaci\u00f3n previa de determinadas inversiones extranjeras y extiende algunas medidas en el \u00e1mbito concursal.<\/p>\n","protected":false},"author":1,"featured_media":0,"comment_status":"open","ping_status":"open","sticky":false,"template":"","format":"standard","meta":{"footnotes":""},"categories":[88],"tags":[],"class_list":["post-7803","post","type-post","status-publish","format-standard","hentry","category-araudia"],"_links":{"self":[{"href":"https:\/\/www.guitrans.eus\/eu\/wp-json\/wp\/v2\/posts\/7803","targetHints":{"allow":["GET"]}}],"collection":[{"href":"https:\/\/www.guitrans.eus\/eu\/wp-json\/wp\/v2\/posts"}],"about":[{"href":"https:\/\/www.guitrans.eus\/eu\/wp-json\/wp\/v2\/types\/post"}],"author":[{"embeddable":true,"href":"https:\/\/www.guitrans.eus\/eu\/wp-json\/wp\/v2\/users\/1"}],"replies":[{"embeddable":true,"href":"https:\/\/www.guitrans.eus\/eu\/wp-json\/wp\/v2\/comments?post=7803"}],"version-history":[{"count":0,"href":"https:\/\/www.guitrans.eus\/eu\/wp-json\/wp\/v2\/posts\/7803\/revisions"}],"wp:attachment":[{"href":"https:\/\/www.guitrans.eus\/eu\/wp-json\/wp\/v2\/media?parent=7803"}],"wp:term":[{"taxonomy":"category","embeddable":true,"href":"https:\/\/www.guitrans.eus\/eu\/wp-json\/wp\/v2\/categories?post=7803"},{"taxonomy":"post_tag","embeddable":true,"href":"https:\/\/www.guitrans.eus\/eu\/wp-json\/wp\/v2\/tags?post=7803"}],"curies":[{"name":"wp","href":"https:\/\/api.w.org\/{rel}","templated":true}]}}