{"id":7816,"date":"2021-12-09T00:00:00","date_gmt":"2021-12-08T23:00:00","guid":{"rendered":"https:\/\/guitrans.eus\/wp\/index.php\/2021\/12\/09\/cambios-en-la-normativa-sobre-equipos-de-proteccion-individual\/"},"modified":"2021-12-09T00:00:00","modified_gmt":"2021-12-08T23:00:00","slug":"cambios-en-la-normativa-sobre-equipos-de-proteccion-individual","status":"publish","type":"post","link":"https:\/\/www.guitrans.eus\/eu\/2021\/12\/09\/cambios-en-la-normativa-sobre-equipos-de-proteccion-individual\/","title":{"rendered":"Cambios en la normativa sobre equipos de protecci\u00f3n individual"},"content":{"rendered":"<p>Con esta modificaci\u00f3n se da cumplimiento a la obligaci\u00f3n de incorporar el contenido de la Directiva (UE) 2019\/1832 de la Comisi\u00f3n, de 24 de octubre de 2019, vi\u00e9ndose afectados los anexos del real decreto, que se actualizan para garantizar que los EPI que los empresarios proporcionen a sus trabajadores respetan los requisitos establecidos en el Reglamento (UE) 2016\/425 del Parlamento Europeo y del Consejo, de 9 de marzo de 2016. Con este cambio se evita la falta de armonizaci\u00f3n terminol\u00f3gica que dar\u00eda lugar a contradicciones entre la normativa relativa al dise\u00f1o, la fabricaci\u00f3n y la comercializaci\u00f3n de EPI y la normativa sobre su utilizaci\u00f3n.<\/p>\n<p>Los nuevos anexos contienen:&nbsp;<\/p>\n<p>      El anexo I, el esquema indicativo de los riesgos en relaci\u00f3n con las partes del cuerpo que se pueden proteger con los equipos de protecci\u00f3n individual.&nbsp;<br \/>\n      El anexo II, la lista no exhaustiva de los tipos de equipos de protecci\u00f3n individual en relaci\u00f3n con los riesgos contra los que protegen.&nbsp;<br \/>\n      El anexo III, la lista no exhaustiva de actividades y sectores de actividades que pueden requerir la utilizaci\u00f3n de equipos de protecci\u00f3n individual.<\/p>\n","protected":false},"excerpt":{"rendered":"<p>En el BOE del 8 de diciembre se ha publicado el Real Decreto 1076\/2021, de 7 de diciembre, con entrada en vigor el 9 de diciembre, y que modifica el Real Decreto 773\/1997, de 30 de mayo, sobre disposiciones m\u00ednimas de seguridad y salud relativas a la utilizaci\u00f3n por los trabajadores de equipos de protecci\u00f3n individual (EPI).&nbsp;<\/p>\n","protected":false},"author":1,"featured_media":0,"comment_status":"open","ping_status":"open","sticky":false,"template":"","format":"standard","meta":{"footnotes":""},"categories":[88],"tags":[],"class_list":["post-7816","post","type-post","status-publish","format-standard","hentry","category-araudia"],"_links":{"self":[{"href":"https:\/\/www.guitrans.eus\/eu\/wp-json\/wp\/v2\/posts\/7816","targetHints":{"allow":["GET"]}}],"collection":[{"href":"https:\/\/www.guitrans.eus\/eu\/wp-json\/wp\/v2\/posts"}],"about":[{"href":"https:\/\/www.guitrans.eus\/eu\/wp-json\/wp\/v2\/types\/post"}],"author":[{"embeddable":true,"href":"https:\/\/www.guitrans.eus\/eu\/wp-json\/wp\/v2\/users\/1"}],"replies":[{"embeddable":true,"href":"https:\/\/www.guitrans.eus\/eu\/wp-json\/wp\/v2\/comments?post=7816"}],"version-history":[{"count":0,"href":"https:\/\/www.guitrans.eus\/eu\/wp-json\/wp\/v2\/posts\/7816\/revisions"}],"wp:attachment":[{"href":"https:\/\/www.guitrans.eus\/eu\/wp-json\/wp\/v2\/media?parent=7816"}],"wp:term":[{"taxonomy":"category","embeddable":true,"href":"https:\/\/www.guitrans.eus\/eu\/wp-json\/wp\/v2\/categories?post=7816"},{"taxonomy":"post_tag","embeddable":true,"href":"https:\/\/www.guitrans.eus\/eu\/wp-json\/wp\/v2\/tags?post=7816"}],"curies":[{"name":"wp","href":"https:\/\/api.w.org\/{rel}","templated":true}]}}