{"id":7890,"date":"2022-02-16T00:00:00","date_gmt":"2022-02-15T23:00:00","guid":{"rendered":"https:\/\/guitrans.eus\/wp\/index.php\/2022\/02\/16\/el-cntc-responde-a-aecoc-por-sus-criticas-al-acuerdo-con-el-ministerio\/"},"modified":"2022-02-16T00:00:00","modified_gmt":"2022-02-15T23:00:00","slug":"el-cntc-responde-a-aecoc-por-sus-criticas-al-acuerdo-con-el-ministerio","status":"publish","type":"post","link":"https:\/\/www.guitrans.eus\/eu\/2022\/02\/16\/el-cntc-responde-a-aecoc-por-sus-criticas-al-acuerdo-con-el-ministerio\/","title":{"rendered":"El CNTC responde a AECOC por sus cr\u00edticas al acuerdo con el Ministerio"},"content":{"rendered":"<p>Ante la nota de prensa emitida por la asociaci\u00f3n de cargadores AECOC en la que &#8220;alerta de las graves consecuencias para la econom\u00eda del acuerdo entre el Ministerio de Transportes y el CNTC&#8221;, este Comit\u00e9 ha respondido de manera tajante en el siguiente comunicado.<\/p>\n","protected":false},"excerpt":{"rendered":"<p>Ante la nota de prensa emitida por la asociaci\u00f3n de<a href=\"https:\/\/www.guitrans.eus\/eu\/2022\/02\/16\/el-cntc-responde-a-aecoc-por-sus-criticas-al-acuerdo-con-el-ministerio\/\" rel=\"nofollow\">Seguir leyendo&#8230;<\/a><\/p>\n","protected":false},"author":1,"featured_media":0,"comment_status":"open","ping_status":"open","sticky":false,"template":"","format":"standard","meta":{"footnotes":""},"categories":[90],"tags":[],"class_list":["post-7890","post","type-post","status-publish","format-standard","hentry","category-ekonomia"],"_links":{"self":[{"href":"https:\/\/www.guitrans.eus\/eu\/wp-json\/wp\/v2\/posts\/7890","targetHints":{"allow":["GET"]}}],"collection":[{"href":"https:\/\/www.guitrans.eus\/eu\/wp-json\/wp\/v2\/posts"}],"about":[{"href":"https:\/\/www.guitrans.eus\/eu\/wp-json\/wp\/v2\/types\/post"}],"author":[{"embeddable":true,"href":"https:\/\/www.guitrans.eus\/eu\/wp-json\/wp\/v2\/users\/1"}],"replies":[{"embeddable":true,"href":"https:\/\/www.guitrans.eus\/eu\/wp-json\/wp\/v2\/comments?post=7890"}],"version-history":[{"count":0,"href":"https:\/\/www.guitrans.eus\/eu\/wp-json\/wp\/v2\/posts\/7890\/revisions"}],"wp:attachment":[{"href":"https:\/\/www.guitrans.eus\/eu\/wp-json\/wp\/v2\/media?parent=7890"}],"wp:term":[{"taxonomy":"category","embeddable":true,"href":"https:\/\/www.guitrans.eus\/eu\/wp-json\/wp\/v2\/categories?post=7890"},{"taxonomy":"post_tag","embeddable":true,"href":"https:\/\/www.guitrans.eus\/eu\/wp-json\/wp\/v2\/tags?post=7890"}],"curies":[{"name":"wp","href":"https:\/\/api.w.org\/{rel}","templated":true}]}}