{"id":8061,"date":"2022-07-20T00:00:00","date_gmt":"2022-07-19T22:00:00","guid":{"rendered":"https:\/\/www.guitrans.eus\/2022\/07\/20\/ayudas-del-gobierno-vasco-para-emprender-en-economia-social-2\/"},"modified":"2022-07-20T00:00:00","modified_gmt":"2022-07-19T22:00:00","slug":"ayudas-del-gobierno-vasco-para-emprender-en-economia-social-2","status":"publish","type":"post","link":"https:\/\/www.guitrans.eus\/eu\/2022\/07\/20\/ayudas-del-gobierno-vasco-para-emprender-en-economia-social-2\/","title":{"rendered":"Ayudas del Gobierno Vasco para emprender en econom\u00eda social"},"content":{"rendered":"<p>La primera convocatoria de ayudas es la dirigida a la <b>asistencia t\u00e9cnica en las empresas de Econom\u00eda Social <\/b>y est\u00e1 dotada con 440.000 euros. En concreto, las ayudas ir\u00e1n dirigidas a financiar las siguientes actividades:&nbsp;<\/p>\n<p>    la elaboraci\u00f3n e implantaci\u00f3n de un Plan de Gesti\u00f3n Anual<br \/>\n    la realizaci\u00f3n del estudio econ\u00f3mico financiero previo para la prestaci\u00f3n de garant\u00edas a los asociados<br \/>\n    el asesoramiento espec\u00edfico en gesti\u00f3n comercial de las Cooperativas y Sociedades Laborales<br \/>\n    la contrataci\u00f3n de servicios especializados de apoyo a la gerencia<br \/>\n    planes de reactivaci\u00f3n de empresas en dificultades<br \/>\n    implantaci\u00f3n de nuevas herramientas de transformaci\u00f3n de las organizaciones<br \/>\n    la elaboraci\u00f3n de un diagn\u00f3stico de las necesidades de digitalizaci\u00f3n y medioambientales de las empresas<br \/>\n    la implantaci\u00f3n de herramientas para la digitalizaci\u00f3n, y,<br \/>\n    la implantaci\u00f3n de acciones de mejora en materia medioambiental.&nbsp;<br \/>\n  <br \/>Asimismo, se han aprobado 697.000 euros para la <b>formaci\u00f3n en econom\u00eda social.<\/b> Podr\u00e1n ser actividades formativas sobre el cooperativismo o las sociedades laborales en el \u00e1mbito (pre)universitario y\/o societario, en el universitario, as\u00ed como actividades divulgativas o de investigaci\u00f3n. <\/p>\n<p> <\/p>\n<p>Les mantendremos informados de los requisitos, cuant\u00edas, documentaci\u00f3n y plazo para su presentaci\u00f3n en cuanto se publiquen las convocatorias en el BOPV.<\/p>\n","protected":false},"excerpt":{"rendered":"<p>El Consejo de Gobierno aprob\u00f3 en su sesi\u00f3n del pasado 19 de julio ayudas por valor de 1,13 millones de euros dirigidas a la Econom\u00eda Social, en concreto para formaci\u00f3n y asistencia t\u00e9cnica.&nbsp;&nbsp;<\/p>\n","protected":false},"author":1,"featured_media":0,"comment_status":"open","ping_status":"open","sticky":false,"template":"","format":"standard","meta":{"footnotes":""},"categories":[34],"tags":[],"class_list":["post-8061","post","type-post","status-publish","format-standard","hentry","category-subvenciones"],"_links":{"self":[{"href":"https:\/\/www.guitrans.eus\/eu\/wp-json\/wp\/v2\/posts\/8061","targetHints":{"allow":["GET"]}}],"collection":[{"href":"https:\/\/www.guitrans.eus\/eu\/wp-json\/wp\/v2\/posts"}],"about":[{"href":"https:\/\/www.guitrans.eus\/eu\/wp-json\/wp\/v2\/types\/post"}],"author":[{"embeddable":true,"href":"https:\/\/www.guitrans.eus\/eu\/wp-json\/wp\/v2\/users\/1"}],"replies":[{"embeddable":true,"href":"https:\/\/www.guitrans.eus\/eu\/wp-json\/wp\/v2\/comments?post=8061"}],"version-history":[{"count":0,"href":"https:\/\/www.guitrans.eus\/eu\/wp-json\/wp\/v2\/posts\/8061\/revisions"}],"wp:attachment":[{"href":"https:\/\/www.guitrans.eus\/eu\/wp-json\/wp\/v2\/media?parent=8061"}],"wp:term":[{"taxonomy":"category","embeddable":true,"href":"https:\/\/www.guitrans.eus\/eu\/wp-json\/wp\/v2\/categories?post=8061"},{"taxonomy":"post_tag","embeddable":true,"href":"https:\/\/www.guitrans.eus\/eu\/wp-json\/wp\/v2\/tags?post=8061"}],"curies":[{"name":"wp","href":"https:\/\/api.w.org\/{rel}","templated":true}]}}