{"id":8168,"date":"2022-11-02T00:00:00","date_gmt":"2022-11-01T23:00:00","guid":{"rendered":"https:\/\/www.guitrans.eus\/2022\/11\/02\/gipuzkoa-tambien-contara-con-su-plan-de-descuentos-por-uso-de-las-carreteras-de-peaje-de-la-red-de-alta-capacidad\/"},"modified":"2022-11-02T00:00:00","modified_gmt":"2022-11-01T23:00:00","slug":"gipuzkoa-tambien-contara-con-su-plan-de-descuentos-por-uso-de-las-carreteras-de-peaje-de-la-red-de-alta-capacidad","status":"publish","type":"post","link":"https:\/\/www.guitrans.eus\/eu\/2022\/11\/02\/gipuzkoa-tambien-contara-con-su-plan-de-descuentos-por-uso-de-las-carreteras-de-peaje-de-la-red-de-alta-capacidad\/","title":{"rendered":"GIPUZKOA tambi\u00e9n contar\u00e1 con su plan de descuentos por uso de las carreteras de peaje de la red de alta capacidad"},"content":{"rendered":"<p>La actualizaci\u00f3n de la Directiva Europea del pago por uso ha permitido a la Diputaci\u00f3n Foral de Gipuzkoa activar este plan en beneficio de la sostenibilidad medioambiental y para paliar los efectos de la inflaci\u00f3n y con el que se pretende ayudar\u00e1 al transporte de mercanc\u00edas, a los aut\u00f3nomos, a los autocares, autobuses y a todos los veh\u00edculos ligeros que dispongan de dispositivos TAG&nbsp;en beneficio de la sostenibilidad medioambiental y para paliar los efectos de la inflaci\u00f3n.<br \/>\n<b><br \/><\/b> <\/p>\n<p><b>Transporte de mercanc\u00edas&nbsp;<\/b><br \/>\n  <b><br \/><\/b> <\/p>\n<p>  <b>Descuento por tipolog\u00eda medioambiental del veh\u00edculo<\/b><br \/>Con el objetivo de reducir el impacto medioambiental del transporte de<br \/>\nmercanc\u00edas por carretera, los veh\u00edculos medioambientalmente m\u00e1s eficientes podr\u00e1n<br \/>\nobtener descuentos en funci\u00f3n de la tipolog\u00eda del motor.<\/p>\n<p>      Descuento del 25% para los veh\u00edculos pesados el\u00e9ctricos,<br \/>\nh\u00edbridos y los propulsados por gas, veh\u00edculos con etiqueta O y ECO de la clasificaci\u00f3n de<br \/>\nla DGT.<br \/>\n      Descuento del 20% para los veh\u00edculos pesados EURO 6.<br \/>\n      Descuento del 15% para los veh\u00edculos pesados con etiqueta EURO 5.&nbsp;<br \/>\n    Estos descuentos empezar\u00e1n a aplicarse el 1 de enero de 2023. <\/p>\n<p> <\/p>\n<p>  <b>Descuento por frecuencia de uso<\/b> <\/p>\n<p>  Tambi\u00e9n obtendr\u00e1n descuentos de hasta el 13% (porcentaje m\u00e1ximo permitido<br \/>\npor la Comisi\u00f3n Europea) por frecuencia de uso en todas las v\u00edas grabadas con peaje del<br \/>\nterritorio.&nbsp;<\/p>\n<p>      A partir del viaje 21 y hasta el 50, los transportes de mercanc\u00edas obtendr\u00e1n un<br \/>\ndescuento del 10% en sus peajes<br \/>\n      A partir del viaje 51, el descuento ser\u00e1 del 13%.&nbsp;<br \/>\n    Los descuentos por frecuencia comenzar\u00e1n a aplicarse a partir del 1 de octubre<br \/>\nde 2023.<\/p>\n","protected":false},"excerpt":{"rendered":"<p>El pasado viernes, 28 de octubre, comparecieron ante la prensa la diputada<br \/>\nde Infraestructuras Viarias, Aintzane Oiarbide, y el director de la sociedad foral Bidegi, Alfredo Etxeberria, para dar cuenta del plan de descuentos presentado.&nbsp;<\/p>\n","protected":false},"author":1,"featured_media":0,"comment_status":"","ping_status":"","sticky":false,"template":"","format":"standard","meta":{"footnotes":""},"categories":[17],"tags":[],"class_list":["post-8168","post","type-post","status-publish","format-standard","hentry","category-infraestructuras"],"_links":{"self":[{"href":"https:\/\/www.guitrans.eus\/eu\/wp-json\/wp\/v2\/posts\/8168","targetHints":{"allow":["GET"]}}],"collection":[{"href":"https:\/\/www.guitrans.eus\/eu\/wp-json\/wp\/v2\/posts"}],"about":[{"href":"https:\/\/www.guitrans.eus\/eu\/wp-json\/wp\/v2\/types\/post"}],"author":[{"embeddable":true,"href":"https:\/\/www.guitrans.eus\/eu\/wp-json\/wp\/v2\/users\/1"}],"replies":[{"embeddable":true,"href":"https:\/\/www.guitrans.eus\/eu\/wp-json\/wp\/v2\/comments?post=8168"}],"version-history":[{"count":0,"href":"https:\/\/www.guitrans.eus\/eu\/wp-json\/wp\/v2\/posts\/8168\/revisions"}],"wp:attachment":[{"href":"https:\/\/www.guitrans.eus\/eu\/wp-json\/wp\/v2\/media?parent=8168"}],"wp:term":[{"taxonomy":"category","embeddable":true,"href":"https:\/\/www.guitrans.eus\/eu\/wp-json\/wp\/v2\/categories?post=8168"},{"taxonomy":"post_tag","embeddable":true,"href":"https:\/\/www.guitrans.eus\/eu\/wp-json\/wp\/v2\/tags?post=8168"}],"curies":[{"name":"wp","href":"https:\/\/api.w.org\/{rel}","templated":true}]}}