{"id":8189,"date":"2022-11-22T00:00:00","date_gmt":"2022-11-21T23:00:00","guid":{"rendered":"https:\/\/www.guitrans.eus\/2022\/11\/22\/nueva-estacion-itv-en-beasain\/"},"modified":"2022-11-22T00:00:00","modified_gmt":"2022-11-21T23:00:00","slug":"nueva-estacion-itv-en-beasain","status":"publish","type":"post","link":"https:\/\/www.guitrans.eus\/eu\/2022\/11\/22\/nueva-estacion-itv-en-beasain\/","title":{"rendered":"Nueva estaci\u00f3n ITV en Beasain"},"content":{"rendered":"<p>La nueva estaci\u00f3n ITV de Beasain est\u00e1 gestionada por ITEVELESA, al igual que las estaciones de Irun y Urnieta. Su apertura tuvo lugar el pasado viernes d\u00eda 18, si bien la inauguraci\u00f3n oficial tendr\u00e1 lugar el pr\u00f3ximo lunes d\u00eda 28. Est\u00e1 ubicada al lado de la Mancomunidad Sasieta (Carretera GI-2632 Salida: Zarbotegia, junto a Korosti Materialak), y est\u00e1 dotada de 3 l\u00edneas de inspecci\u00f3n, una para veh\u00edculos ligeros (turismos) y las otras dos universales, que pueden revisar cualquier tipo de veh\u00edculo, pesados, tractores, etc.<br \/>\nTambi\u00e9n cuenta con un box espec\u00edfico para inspecci\u00f3n de motos y ciclomotores. La cita previa puede realizarse en la web <a href=\"https:\/\/www.itevelesa.com\/es\/\">www.itevelesa.com<\/a> o en el tel\u00e9fono 983 08 90 90. En funci\u00f3n de las necesidades del servicio, este horario podr\u00e1 ser ampliado. <a href=\"https:\/\/www.itevelesa.com\/es\/nuestras-estaciones\/itv-beasain\">M\u00e1s informaci\u00f3n<\/a>.<\/p>\n","protected":false},"excerpt":{"rendered":"<p>La nueva estaci\u00f3n ITV de Beasain est\u00e1 gestionada por ITEVELESA,<a href=\"https:\/\/www.guitrans.eus\/eu\/2022\/11\/22\/nueva-estacion-itv-en-beasain\/\" rel=\"nofollow\">Seguir leyendo&#8230;<\/a><\/p>\n","protected":false},"author":1,"featured_media":0,"comment_status":"","ping_status":"","sticky":false,"template":"","format":"standard","meta":{"footnotes":""},"categories":[17],"tags":[],"class_list":["post-8189","post","type-post","status-publish","format-standard","hentry","category-infraestructuras"],"_links":{"self":[{"href":"https:\/\/www.guitrans.eus\/eu\/wp-json\/wp\/v2\/posts\/8189","targetHints":{"allow":["GET"]}}],"collection":[{"href":"https:\/\/www.guitrans.eus\/eu\/wp-json\/wp\/v2\/posts"}],"about":[{"href":"https:\/\/www.guitrans.eus\/eu\/wp-json\/wp\/v2\/types\/post"}],"author":[{"embeddable":true,"href":"https:\/\/www.guitrans.eus\/eu\/wp-json\/wp\/v2\/users\/1"}],"replies":[{"embeddable":true,"href":"https:\/\/www.guitrans.eus\/eu\/wp-json\/wp\/v2\/comments?post=8189"}],"version-history":[{"count":0,"href":"https:\/\/www.guitrans.eus\/eu\/wp-json\/wp\/v2\/posts\/8189\/revisions"}],"wp:attachment":[{"href":"https:\/\/www.guitrans.eus\/eu\/wp-json\/wp\/v2\/media?parent=8189"}],"wp:term":[{"taxonomy":"category","embeddable":true,"href":"https:\/\/www.guitrans.eus\/eu\/wp-json\/wp\/v2\/categories?post=8189"},{"taxonomy":"post_tag","embeddable":true,"href":"https:\/\/www.guitrans.eus\/eu\/wp-json\/wp\/v2\/tags?post=8189"}],"curies":[{"name":"wp","href":"https:\/\/api.w.org\/{rel}","templated":true}]}}