{"id":8228,"date":"2023-01-11T00:00:00","date_gmt":"2023-01-10T23:00:00","guid":{"rendered":"https:\/\/www.guitrans.eus\/2023\/01\/11\/cambios-en-la-incapacidad-temporal-a-partir-del-1-de-abril-los-trabajadores-no-tendran-que-aportar-el-parte-de-baja-a-su-empresa\/"},"modified":"2023-01-11T00:00:00","modified_gmt":"2023-01-10T23:00:00","slug":"cambios-en-la-incapacidad-temporal-a-partir-del-1-de-abril-los-trabajadores-no-tendran-que-aportar-el-parte-de-baja-a-su-empresa","status":"publish","type":"post","link":"https:\/\/www.guitrans.eus\/eu\/2023\/01\/11\/cambios-en-la-incapacidad-temporal-a-partir-del-1-de-abril-los-trabajadores-no-tendran-que-aportar-el-parte-de-baja-a-su-empresa\/","title":{"rendered":"Cambios en la Incapacidad Temporal: a partir del 1 de abril, los trabajadores no tendr\u00e1n que aportar el parte de baja a su empresa"},"content":{"rendered":"<p>En lo relativo a los partes m\u00e9dicos de bajas y altas, solo se entregar\u00e1 una copia a la persona trabajadora; se elimina tanto la segunda copia, como la obligaci\u00f3n a la persona trabajadora de que sea ella quien que entregue esta copia en la empresa, entidad gestora o mutua. La comunicaci\u00f3n entre las entidades emisoras y el INSS ser\u00e1 telem\u00e1tica, evitando tr\u00e1mites que pueden resultar gravosos para personas que est\u00e1n en situaci\u00f3n de incapacidad temporal y aprovechando las posibilidades de mejorar la eficacia y la eficiencia que brindan los avances en digitalizaci\u00f3n y tecnolog\u00edas de la informaci\u00f3n.<br \/>\n<\/p>\n<p>Adem\u00e1s, se aclara que, en los procesos de IT, los facultativos del Servicio P\u00fablico de Salud, de la empresa colaboradora o de la mutua podr\u00e1n fijar plazos de revisi\u00f3n m\u00e9dica inferiores a los se\u00f1alados en el Real Decreto, en funci\u00f3n de la evoluci\u00f3n del proceso. Se trata as\u00ed de evitar dudas interpretativas propiciadas por la redacci\u00f3n actual de la norma.&nbsp;<\/p>\n<p>      Baja de menos de 5 d\u00edas: el m\u00e9dico o mutua emitir\u00e1 el parte de baja con finalizaci\u00f3n prevista.&nbsp;<br \/>\n      Baja entre 5 y 30 d\u00edas: el m\u00e9dico o mutua emitir\u00e1 el parte de baja con revisi\u00f3n prevista a los 7 d\u00edas, si en este plazo se confirma la baja los siguientes partes se emitir\u00e1n cada 14 d\u00edas.&nbsp;<br \/>\n      Baja entre 31 y 60 d\u00edas: el m\u00e9dico o mutua emitir\u00e1 el parte de baja con revisi\u00f3n prevista a los 7 d\u00edas, si en este plazo se confirma la baja los siguientes partes se emitir\u00e1n cada 28 d\u00edas.&nbsp;<br \/>\n      Baja de 61 d\u00edas o m\u00e1s: el m\u00e9dico o mutua emitir\u00e1 el parte de baja con revisi\u00f3n prevista a los 14 d\u00edas, si en este plazo se confirma la baja los siguientes partes se emitir\u00e1n cada 35 d\u00edas.&nbsp;<br \/>\n    El facultativo podr\u00e1 fijar la correspondiente revisi\u00f3n m\u00e9dica en un per\u00edodo inferior al indicado en cada caso.&nbsp;<\/p>\n<p>Entrada en vigor: El presente real decreto entrar\u00e1 en vigor el d\u00eda primero del tercer mes siguiente al de su publicaci\u00f3n en el BOE (el 01\/04\/2023).&nbsp;<\/p>\n","protected":false},"excerpt":{"rendered":"<p>En el BOE del pasado 5 de enero se public\u00f3 el Real Decreto 1060\/2022, de 27 de diciembre, por el que se modifica el Real Decreto 625\/2014, de 18 de julio, por el que se regulan determinados aspectos de la gesti\u00f3n y control de los procesos por incapacidad temporal en los primeros trescientos sesenta y cinco d\u00edas de su duraci\u00f3n. Se elimina as\u00ed obligaciones burocr\u00e1ticas en la gesti\u00f3n de la Incapacidad Temporal<\/p>\n","protected":false},"author":1,"featured_media":0,"comment_status":"","ping_status":"","sticky":false,"template":"","format":"standard","meta":{"footnotes":""},"categories":[88],"tags":[],"class_list":["post-8228","post","type-post","status-publish","format-standard","hentry","category-araudia"],"_links":{"self":[{"href":"https:\/\/www.guitrans.eus\/eu\/wp-json\/wp\/v2\/posts\/8228","targetHints":{"allow":["GET"]}}],"collection":[{"href":"https:\/\/www.guitrans.eus\/eu\/wp-json\/wp\/v2\/posts"}],"about":[{"href":"https:\/\/www.guitrans.eus\/eu\/wp-json\/wp\/v2\/types\/post"}],"author":[{"embeddable":true,"href":"https:\/\/www.guitrans.eus\/eu\/wp-json\/wp\/v2\/users\/1"}],"replies":[{"embeddable":true,"href":"https:\/\/www.guitrans.eus\/eu\/wp-json\/wp\/v2\/comments?post=8228"}],"version-history":[{"count":0,"href":"https:\/\/www.guitrans.eus\/eu\/wp-json\/wp\/v2\/posts\/8228\/revisions"}],"wp:attachment":[{"href":"https:\/\/www.guitrans.eus\/eu\/wp-json\/wp\/v2\/media?parent=8228"}],"wp:term":[{"taxonomy":"category","embeddable":true,"href":"https:\/\/www.guitrans.eus\/eu\/wp-json\/wp\/v2\/categories?post=8228"},{"taxonomy":"post_tag","embeddable":true,"href":"https:\/\/www.guitrans.eus\/eu\/wp-json\/wp\/v2\/tags?post=8228"}],"curies":[{"name":"wp","href":"https:\/\/api.w.org\/{rel}","templated":true}]}}