{"id":8234,"date":"2023-01-17T00:00:00","date_gmt":"2023-01-16T23:00:00","guid":{"rendered":"https:\/\/www.guitrans.eus\/2023\/01\/17\/ultima-hora-ya-es-oficial-el-nuevo-canon-para-vehiculos-pesados-en-la-n-1-y-ap-15-comenzara-a-cobrarse-a-partir-del-lunes-23-de-enero\/"},"modified":"2023-01-17T00:00:00","modified_gmt":"2023-01-16T23:00:00","slug":"ultima-hora-ya-es-oficial-el-nuevo-canon-para-vehiculos-pesados-en-la-n-1-y-ap-15-comenzara-a-cobrarse-a-partir-del-lunes-23-de-enero","status":"publish","type":"post","link":"https:\/\/www.guitrans.eus\/eu\/2023\/01\/17\/ultima-hora-ya-es-oficial-el-nuevo-canon-para-vehiculos-pesados-en-la-n-1-y-ap-15-comenzara-a-cobrarse-a-partir-del-lunes-23-de-enero\/","title":{"rendered":"\u00daLTIMA HORA: ya es oficial, el nuevo canon para veh\u00edculos pesados en la N-1 y AP-15 comenzar\u00e1 a cobrarse a partir del lunes 23 de enero"},"content":{"rendered":"<p>De esta manera, el nuevo peaje de sumar\u00e1 a los ya establecidos en toda la red de alta capacidad del territorio en cumplimiento con la nueva Norma Foral, que incluye la totalidad de los tramos de la N-I y la A-15 en Gipuzkoa. Asimismo, con la entrada en vigor del cobro del nuevo peaje para veh\u00edculos pesados, el nuevo plan de descuentos se desplegar\u00e1 en su totalidad. Existen dos tipolog\u00edas de descuento: los camiones y gr\u00faas con motores eficientes se beneficiar\u00e1n de descuentos que van desde el 15% al 25% de descuento sobre la tarifa, dependiendo de la tipolog\u00eda del motor. A esta rebaja se le sumar\u00e1 en octubre el descuento por frecuencia, que contempla descuentos de hasta un 13%.&nbsp;<br \/>\n<br \/><a href=\"https:\/\/guitrans.eus\/noticia\/9616\/gipuzkoa-aprobada-la-actualizacion-de-peajes-y-nuevos-descuentos.html\">M\u00e1s informaci\u00f3n sobre los descuentos.<\/a><\/p>\n","protected":false},"excerpt":{"rendered":"<p>Seg\u00fan informa la oficina de prensa de la Diputaci\u00f3n Foral de Gipuzkoa, el Consejo de Gobierno, en su reuni\u00f3n de hoy, ha aprobado fijar la fecha de inicio del cobro del canon por uso para veh\u00edculos pesados de transporte de mercanc\u00edas en las carreteras A-15 y N-I en Gipuzkoa. Ser\u00e1, concretamente, el lunes 23 cuando las estaciones de cobro de peaje canalizado comiencen a cobrar el nuevo canon.&nbsp;<\/p>\n","protected":false},"author":1,"featured_media":8235,"comment_status":"","ping_status":"","sticky":false,"template":"","format":"standard","meta":{"footnotes":""},"categories":[100],"tags":[],"class_list":["post-8234","post","type-post","status-publish","format-standard","has-post-thumbnail","hentry","category-azpiegiturak"],"_links":{"self":[{"href":"https:\/\/www.guitrans.eus\/eu\/wp-json\/wp\/v2\/posts\/8234","targetHints":{"allow":["GET"]}}],"collection":[{"href":"https:\/\/www.guitrans.eus\/eu\/wp-json\/wp\/v2\/posts"}],"about":[{"href":"https:\/\/www.guitrans.eus\/eu\/wp-json\/wp\/v2\/types\/post"}],"author":[{"embeddable":true,"href":"https:\/\/www.guitrans.eus\/eu\/wp-json\/wp\/v2\/users\/1"}],"replies":[{"embeddable":true,"href":"https:\/\/www.guitrans.eus\/eu\/wp-json\/wp\/v2\/comments?post=8234"}],"version-history":[{"count":0,"href":"https:\/\/www.guitrans.eus\/eu\/wp-json\/wp\/v2\/posts\/8234\/revisions"}],"wp:featuredmedia":[{"embeddable":true,"href":"https:\/\/www.guitrans.eus\/eu\/wp-json\/wp\/v2\/media\/8235"}],"wp:attachment":[{"href":"https:\/\/www.guitrans.eus\/eu\/wp-json\/wp\/v2\/media?parent=8234"}],"wp:term":[{"taxonomy":"category","embeddable":true,"href":"https:\/\/www.guitrans.eus\/eu\/wp-json\/wp\/v2\/categories?post=8234"},{"taxonomy":"post_tag","embeddable":true,"href":"https:\/\/www.guitrans.eus\/eu\/wp-json\/wp\/v2\/tags?post=8234"}],"curies":[{"name":"wp","href":"https:\/\/api.w.org\/{rel}","templated":true}]}}