{"id":8287,"date":"2023-03-01T00:00:00","date_gmt":"2023-02-28T23:00:00","guid":{"rendered":"https:\/\/www.guitrans.eus\/2023\/03\/01\/espana-y-marruecos-realizan-nuevos-pasos-de-mercancias-a-traves-de-las-aduanas-de-ceuta-y-melilla\/"},"modified":"2023-03-05T21:27:51","modified_gmt":"2023-03-05T20:27:51","slug":"espana-y-marruecos-realizan-nuevos-pasos-de-mercancias-a-traves-de-las-aduanas-de-ceuta-y-melilla","status":"publish","type":"post","link":"https:\/\/www.guitrans.eus\/eu\/2023\/03\/01\/espana-y-marruecos-realizan-nuevos-pasos-de-mercancias-a-traves-de-las-aduanas-de-ceuta-y-melilla\/","title":{"rendered":"Espa\u00f1a y Marruecos realizan nuevos pasos de mercanc\u00edas a trav\u00e9s de las aduanas de Ceuta y Melilla"},"content":{"rendered":"<p>Desde entonces, se ha trabajado en adaptar la infraestructura t\u00e9cnica y burocr\u00e1tica a las necesidades que requiere un paso aduanero de estas caracter\u00edsticas para avanzar hacia una normalizaci\u00f3n plena en la que los dos pa\u00edses trabajan conjuntamente de acuerdo al calendario que se fij\u00f3 durante la reuni\u00f3n de alto nivel de principios de mes.<\/p>\n","protected":false},"excerpt":{"rendered":"<p>Las nuevas expediciones comerciales ya incorporan soluciones a muchas de las dificultades t\u00e9cnicas que se detectaron en la prueba piloto que se llev\u00f3 a cabo con \u00e9xito el pasado 27 de enero. Durante aquella jornada, se registr\u00f3 el hito de que, por primera vez, se abriera una aduana en Ceuta y que se reabriera la de Melilla tras permanecer cerrada desde 2018.<\/p>\n","protected":false},"author":1,"featured_media":0,"comment_status":"closed","ping_status":"closed","sticky":false,"template":"","format":"standard","meta":{"footnotes":""},"categories":[17],"tags":[],"class_list":["post-8287","post","type-post","status-publish","format-standard","hentry","category-infraestructuras"],"_links":{"self":[{"href":"https:\/\/www.guitrans.eus\/eu\/wp-json\/wp\/v2\/posts\/8287","targetHints":{"allow":["GET"]}}],"collection":[{"href":"https:\/\/www.guitrans.eus\/eu\/wp-json\/wp\/v2\/posts"}],"about":[{"href":"https:\/\/www.guitrans.eus\/eu\/wp-json\/wp\/v2\/types\/post"}],"author":[{"embeddable":true,"href":"https:\/\/www.guitrans.eus\/eu\/wp-json\/wp\/v2\/users\/1"}],"replies":[{"embeddable":true,"href":"https:\/\/www.guitrans.eus\/eu\/wp-json\/wp\/v2\/comments?post=8287"}],"version-history":[{"count":0,"href":"https:\/\/www.guitrans.eus\/eu\/wp-json\/wp\/v2\/posts\/8287\/revisions"}],"wp:attachment":[{"href":"https:\/\/www.guitrans.eus\/eu\/wp-json\/wp\/v2\/media?parent=8287"}],"wp:term":[{"taxonomy":"category","embeddable":true,"href":"https:\/\/www.guitrans.eus\/eu\/wp-json\/wp\/v2\/categories?post=8287"},{"taxonomy":"post_tag","embeddable":true,"href":"https:\/\/www.guitrans.eus\/eu\/wp-json\/wp\/v2\/tags?post=8287"}],"curies":[{"name":"wp","href":"https:\/\/api.w.org\/{rel}","templated":true}]}}