{"id":8427,"date":"2023-05-02T00:00:00","date_gmt":"2023-05-01T22:00:00","guid":{"rendered":"https:\/\/www.guitrans.eus\/2023\/05\/02\/madrid-sanciones-a-partir-del-5-de-junio-por-no-reservar-plaza-para-la-carga-y-descarga-a-traves-de-la-aplicacion-madrid-dum-360\/"},"modified":"2023-05-02T00:00:00","modified_gmt":"2023-05-01T22:00:00","slug":"madrid-sanciones-a-partir-del-5-de-junio-por-no-reservar-plaza-para-la-carga-y-descarga-a-traves-de-la-aplicacion-madrid-dum-360","status":"publish","type":"post","link":"https:\/\/www.guitrans.eus\/eu\/2023\/05\/02\/madrid-sanciones-a-partir-del-5-de-junio-por-no-reservar-plaza-para-la-carga-y-descarga-a-traves-de-la-aplicacion-madrid-dum-360\/","title":{"rendered":"MADRID: sanciones a partir del 5 de junio por no reservar plaza para la carga y descarga a trav\u00e9s de la aplicaci\u00f3n Madrid DUM 360"},"content":{"rendered":"<p>A partir del pr\u00f3ximo 5 de junio no podr\u00e1 utilizarse un estacionamiento reservado para la carga y descarga dentro del \u00e1rea SER, zona de estacionamiento regulado, sin haber hecho antes una reserva previa de ese espacio a trav\u00e9s de la aplicaci\u00f3n. Cada uno de estos espacios consta de una se\u00f1alizaci\u00f3n espec\u00edfica, un n\u00famero identificativo exclusivo y un c\u00f3digo QR que permitir\u00e1 la descarga de la aplicaci\u00f3n Madrid DUM 360 (DUM =distribuci\u00f3n urbana de mercanc\u00edas). <\/p>\n<p>La aplicaci\u00f3n, que est\u00e1 disponible en las plataformas de descarga de Apple y Android, ya est\u00e1 operativa y puede utilizarse.<\/p>\n<p>Los espacios habilitados para la carga y descarga solo podr\u00e1n ser utilizados por profesionales que tengan permiso de utilizaci\u00f3n de las reservas de carga y descarga, seg\u00fan la Ordenanza de Movilidad Sostenible de 2018, y que viene aplic\u00e1ndose ya para estas operaciones.<\/p>\n<p>&nbsp;Para poder utilizar este estacionamiento reservado, el transportista habr\u00e1 entrado en la aplicaci\u00f3n y lo habr\u00e1 reservado. A cambio obtendr\u00e1 un \u00abtique virtual\u00bb, un t\u00edtulo habilitante, en el que constar\u00e1 el n\u00famero de identificaci\u00f3n de la reserva, el momento de inicio del uso y la matr\u00edcula del veh\u00edculo. El tique no ser\u00e1 v\u00e1lido para veh\u00edculos no habilitados ni fuera del horario de uso.<\/p>\n<p>El tique tiene una duraci\u00f3n m\u00e1xima: 45 minutos con car\u00e1cter general, que puede ampliarse en funci\u00f3n de la categor\u00eda medioambiental del veh\u00edculo (hasta 67 minutos para veh\u00edculos con etiqueta ECO y 90 minutos para veh\u00edculos con etiqueta Cero), de la MMA o de las caracter\u00edsticas de la actividad que vaya a realizar. La ampliaci\u00f3n del tiempo tiene que solicitarla el profesional en la propia aplicaci\u00f3n.<\/p>\n<p>En la actualidad es un servicio gratuito, la reserva de plazas, pero no se descarta que en el futuro pueda estar sujeta a pago.<br \/> <br \/>\n<a href=\"https:\/\/www.madrid.es\/portales\/munimadrid\/es\/Inicio\/Movilidad-y-transportes\/Carga-y-Descarga-Inteligente\/?vgnextfmt=default&amp;vgnextoid=c2740023038f2810VgnVCM1000001d4a900aRCRD&amp;vgnextchannel=220e31d3b28fe410VgnVCM1000000b205a0aRCRD\"><br \/>\n   <\/p>\n<p>  Toda la informaci\u00f3n sobre este sistema de reserva de carga y descarga inteligente en Madrid en este enlace.<br \/>\n  <\/a><br \/>\n&nbsp; <\/p>\n<p><\/p>\n","protected":false},"excerpt":{"rendered":"<p>A partir del pr\u00f3ximo 5 de junio no podr\u00e1 utilizarse<a href=\"https:\/\/www.guitrans.eus\/eu\/2023\/05\/02\/madrid-sanciones-a-partir-del-5-de-junio-por-no-reservar-plaza-para-la-carga-y-descarga-a-traves-de-la-aplicacion-madrid-dum-360\/\" rel=\"nofollow\">Seguir leyendo&#8230;<\/a><\/p>\n","protected":false},"author":1,"featured_media":8428,"comment_status":"","ping_status":"","sticky":false,"template":"","format":"standard","meta":{"footnotes":""},"categories":[88],"tags":[],"class_list":["post-8427","post","type-post","status-publish","format-standard","has-post-thumbnail","hentry","category-araudia"],"_links":{"self":[{"href":"https:\/\/www.guitrans.eus\/eu\/wp-json\/wp\/v2\/posts\/8427","targetHints":{"allow":["GET"]}}],"collection":[{"href":"https:\/\/www.guitrans.eus\/eu\/wp-json\/wp\/v2\/posts"}],"about":[{"href":"https:\/\/www.guitrans.eus\/eu\/wp-json\/wp\/v2\/types\/post"}],"author":[{"embeddable":true,"href":"https:\/\/www.guitrans.eus\/eu\/wp-json\/wp\/v2\/users\/1"}],"replies":[{"embeddable":true,"href":"https:\/\/www.guitrans.eus\/eu\/wp-json\/wp\/v2\/comments?post=8427"}],"version-history":[{"count":0,"href":"https:\/\/www.guitrans.eus\/eu\/wp-json\/wp\/v2\/posts\/8427\/revisions"}],"wp:featuredmedia":[{"embeddable":true,"href":"https:\/\/www.guitrans.eus\/eu\/wp-json\/wp\/v2\/media\/8428"}],"wp:attachment":[{"href":"https:\/\/www.guitrans.eus\/eu\/wp-json\/wp\/v2\/media?parent=8427"}],"wp:term":[{"taxonomy":"category","embeddable":true,"href":"https:\/\/www.guitrans.eus\/eu\/wp-json\/wp\/v2\/categories?post=8427"},{"taxonomy":"post_tag","embeddable":true,"href":"https:\/\/www.guitrans.eus\/eu\/wp-json\/wp\/v2\/tags?post=8427"}],"curies":[{"name":"wp","href":"https:\/\/api.w.org\/{rel}","templated":true}]}}