{"id":851,"date":"2009-07-20T00:00:00","date_gmt":"2009-07-19T22:00:00","guid":{"rendered":"https:\/\/guitrans.eus\/wp\/index.php\/2009\/07\/20\/francia-prohibicion-de-adelantamiento-para-camiones-en-determinados-tramos-de-autopistas-francesas\/"},"modified":"2009-07-20T00:00:00","modified_gmt":"2009-07-19T22:00:00","slug":"francia-prohibicion-de-adelantamiento-para-camiones-en-determinados-tramos-de-autopistas-francesas","status":"publish","type":"post","link":"https:\/\/www.guitrans.eus\/eu\/2009\/07\/20\/francia-prohibicion-de-adelantamiento-para-camiones-en-determinados-tramos-de-autopistas-francesas\/","title":{"rendered":"Francia: prohibici\u00f3n de adelantamiento para camiones en determinados tramos de autopistas francesas"},"content":{"rendered":"<p>Seg\u00fan nos informa ASTIC, la Subdirecci\u00f3n General espa\u00f1ola de Inspecci\u00f3n de Transporte Terrestre ha remitido una nota informativa a Autoroutes du Sud de la France (ASF) en la que solicita adopte una serie de medidas complementarias en las autopistas A7 y A9. Entre ellas, y como complemento a la regulaci\u00f3n de velocidad para los coches, figura la prohibici\u00f3n de adelantar para los camiones, medida que se ha venido introduciendo progresivamente en algunos tramos de la A7 desde 2007.<\/p>\n<p>A finales de 2009, se pondr\u00e1 a prueba en algunos tramos de la A9, en concreto entre Le Perthus y Perpignan Sud la prohibici\u00f3n a los camiones de adelantar en algunos tramos durante los per\u00edodos punta especialmente en verano. La prohibici\u00f3n podr\u00e1 ser permanente en algunos tramos por motivos de seguridad (traves\u00eda de una poblaci\u00f3n, por ejemplo). <\/p>\n<p>Los objetivos de la prohibici\u00f3n de adelantar para camiones son: <\/p>\n<p>  Mejorar las condiciones de circulaci\u00f3n en los tramos con mucho tr\u00e1fico<br \/>\n  Evitar los accidentes en las zonas de riesgo<br \/>\n  Mejorar la seguridad y\/o la fluidez en las zonas con fuertes pendientes y en la confluencia de autopistas.<\/p>\n<p>Los primeros resultados son muy alentadores en cuanto a fluidez y seguridad del tr\u00e1fico en autopista. La concertaci\u00f3n con los representantes profesionales de transportes pesados ha puesto de manifiesto que las zonas deben tener una longitud limitada para que los conductores de camiones respeten esta medida. <\/p>\n<p>De este modo, los coches particulares y los camiones har\u00e1n un mejor uso compartido de la autopista, que gracias a ello ser\u00e1 m\u00e1s segura, m\u00e1s fluida y m\u00e1s respetuosa con el medio ambiente.<\/p>\n","protected":false},"excerpt":{"rendered":"<p>Seg\u00fan nos informa ASTIC, la Subdirecci\u00f3n General espa\u00f1ola de Inspecci\u00f3n<a href=\"https:\/\/www.guitrans.eus\/eu\/2009\/07\/20\/francia-prohibicion-de-adelantamiento-para-camiones-en-determinados-tramos-de-autopistas-francesas\/\" rel=\"nofollow\">Seguir leyendo&#8230;<\/a><\/p>\n","protected":false},"author":1,"featured_media":0,"comment_status":"open","ping_status":"open","sticky":false,"template":"","format":"standard","meta":{"footnotes":""},"categories":[87],"tags":[],"class_list":["post-851","post","type-post","status-publish","format-standard","hentry","category-europa-eu"],"_links":{"self":[{"href":"https:\/\/www.guitrans.eus\/eu\/wp-json\/wp\/v2\/posts\/851","targetHints":{"allow":["GET"]}}],"collection":[{"href":"https:\/\/www.guitrans.eus\/eu\/wp-json\/wp\/v2\/posts"}],"about":[{"href":"https:\/\/www.guitrans.eus\/eu\/wp-json\/wp\/v2\/types\/post"}],"author":[{"embeddable":true,"href":"https:\/\/www.guitrans.eus\/eu\/wp-json\/wp\/v2\/users\/1"}],"replies":[{"embeddable":true,"href":"https:\/\/www.guitrans.eus\/eu\/wp-json\/wp\/v2\/comments?post=851"}],"version-history":[{"count":0,"href":"https:\/\/www.guitrans.eus\/eu\/wp-json\/wp\/v2\/posts\/851\/revisions"}],"wp:attachment":[{"href":"https:\/\/www.guitrans.eus\/eu\/wp-json\/wp\/v2\/media?parent=851"}],"wp:term":[{"taxonomy":"category","embeddable":true,"href":"https:\/\/www.guitrans.eus\/eu\/wp-json\/wp\/v2\/categories?post=851"},{"taxonomy":"post_tag","embeddable":true,"href":"https:\/\/www.guitrans.eus\/eu\/wp-json\/wp\/v2\/tags?post=851"}],"curies":[{"name":"wp","href":"https:\/\/api.w.org\/{rel}","templated":true}]}}