{"id":9047,"date":"2023-09-20T00:00:00","date_gmt":"2023-09-19T22:00:00","guid":{"rendered":"https:\/\/www.guitrans.eus\/2023\/09\/20\/descuentos-para-el-transporte-de-mercanciaspor-frecuencia-o-uso-de-la-ap-1-ap-8-a-636-y-n-i-a-15\/"},"modified":"2023-11-09T13:07:04","modified_gmt":"2023-11-09T12:07:04","slug":"descuentos-para-el-transporte-de-mercanciaspor-frecuencia-o-uso-de-la-ap-1-ap-8-a-636-y-n-i-a-15","status":"publish","type":"post","link":"https:\/\/www.guitrans.eus\/eu\/2023\/09\/20\/descuentos-para-el-transporte-de-mercanciaspor-frecuencia-o-uso-de-la-ap-1-ap-8-a-636-y-n-i-a-15\/","title":{"rendered":"Descuentos para el transporte de mercanc\u00edas por frecuencia o uso de la AP-1\/AP-8, A-636 y N-I\/A-15"},"content":{"rendered":"<p><img loading=\"lazy\" decoding=\"async\" class=\"alignnone size-full wp-image-9817\" src=\"https:\/\/www.guitrans.eus\/wp-content\/uploads\/2023\/09\/BIDEGI_DESCUENTO_USO-e1697706850899.png\" alt=\"\" width=\"150\" height=\"53\" \/><br \/>\nSon efectivos a partir del 1 de octubre. Los usuarios que est\u00e9n ya benefici\u00e1ndose de los descuentos por categor\u00eda ambiental (porque dispongan de veh\u00edculo Euro V, Euro VI o veh\u00edculos el\u00e9ctricos, h\u00edbridos o propulsados a gas) no tienen que realizar ning\u00fan tr\u00e1mite ya que BIDEGI les aplicar\u00e1 directamente estos nuevos descuentos. Sin embargo, aquellos transportistas que quieran beneficiarse de este descuento por frecuencia y que no sean beneficiarios de los descuentos por veh\u00edculo categor\u00eda EURO deber\u00e1n registrarse en BIDEGI aportando la siguiente documentaci\u00f3n.<\/p>\n<p><b>Solicitud del descuento por frecuencia por aquellos usuarios que no sean beneficiarios del descuento por categor\u00eda EURO<\/b><br \/>\nComo en el descuento por categor\u00eda ambiental, es preciso que el veh\u00edculo est\u00e9 registrado en BIDEGI. Los usuarios que no tengan registrados sus veh\u00edculos porque no cumpl\u00edan los requisitos para beneficiarse de los descuentos categor\u00eda EURO, deber\u00e1n formalizar el registro con la firma digital o bien mediante contrase\u00f1a registr\u00e1ndose en la web (se recibir\u00e1 un correo electr\u00f3nico con la contrase\u00f1a asignada para finalizar el tr\u00e1mite de vincular el veh\u00edculo).\u00a0 Una vez registrado, deber\u00e1 aportar la siguiente documentaci\u00f3n enviando un correo electr\u00f3nico a info@bidegi.eus:<\/p>\n<ul>\n<li>copia del permiso de circulaci\u00f3n<\/li>\n<li>copia de la ficha t\u00e9cnica del veh\u00edculo a vincular<\/li>\n<li>un certificado o documento que acredite la titularidad del dispositivo de telepeaje<\/li>\n<\/ul>\n<p><a href=\"https:\/\/bezeroak.bidegi.eus\/WAS\/CORP\/DBUBidegiBezeroarenGuneaWEB\/login\">Acceso a la web de BIDEGI para realizar el registro.<\/a><\/p>\n","protected":false},"excerpt":{"rendered":"<p>Son efectivos a partir del 1 de octubre. Los usuarios<a href=\"https:\/\/www.guitrans.eus\/eu\/2023\/09\/20\/descuentos-para-el-transporte-de-mercanciaspor-frecuencia-o-uso-de-la-ap-1-ap-8-a-636-y-n-i-a-15\/\" rel=\"nofollow\">Seguir leyendo&#8230;<\/a><\/p>\n","protected":false},"author":1,"featured_media":0,"comment_status":"closed","ping_status":"closed","sticky":false,"template":"","format":"standard","meta":{"footnotes":""},"categories":[100],"tags":[],"class_list":["post-9047","post","type-post","status-publish","format-standard","hentry","category-azpiegiturak"],"_links":{"self":[{"href":"https:\/\/www.guitrans.eus\/eu\/wp-json\/wp\/v2\/posts\/9047","targetHints":{"allow":["GET"]}}],"collection":[{"href":"https:\/\/www.guitrans.eus\/eu\/wp-json\/wp\/v2\/posts"}],"about":[{"href":"https:\/\/www.guitrans.eus\/eu\/wp-json\/wp\/v2\/types\/post"}],"author":[{"embeddable":true,"href":"https:\/\/www.guitrans.eus\/eu\/wp-json\/wp\/v2\/users\/1"}],"replies":[{"embeddable":true,"href":"https:\/\/www.guitrans.eus\/eu\/wp-json\/wp\/v2\/comments?post=9047"}],"version-history":[{"count":0,"href":"https:\/\/www.guitrans.eus\/eu\/wp-json\/wp\/v2\/posts\/9047\/revisions"}],"wp:attachment":[{"href":"https:\/\/www.guitrans.eus\/eu\/wp-json\/wp\/v2\/media?parent=9047"}],"wp:term":[{"taxonomy":"category","embeddable":true,"href":"https:\/\/www.guitrans.eus\/eu\/wp-json\/wp\/v2\/categories?post=9047"},{"taxonomy":"post_tag","embeddable":true,"href":"https:\/\/www.guitrans.eus\/eu\/wp-json\/wp\/v2\/tags?post=9047"}],"curies":[{"name":"wp","href":"https:\/\/api.w.org\/{rel}","templated":true}]}}